
{"id":6067,"date":"2016-03-24T18:32:24","date_gmt":"2016-03-24T18:32:24","guid":{"rendered":"https:\/\/www.lejournalduforkane.com\/?p=6067"},"modified":"2016-03-24T19:39:57","modified_gmt":"2016-03-24T19:39:57","slug":"obama-avoue-entrainer-daesh","status":"publish","type":"post","link":"https:\/\/www.lejournalduforkane.com\/index.php\/obama-avoue-entrainer-daesh\/","title":{"rendered":"[Vid\u00e9o] Obama avoue entrainer daesh"},"content":{"rendered":"<p><!--more--><\/p>\n<p>Obama : \u00ab J\u2019ai ordonn\u00e9, le mois dernier, que nous acc\u00e9l\u00e9rions l\u2019entra\u00eenement des forces de Daesh, y compris des volontaires de tribus sunnites dans la province d\u2019Anbar (province d\u2019Irak), a d\u00e9clar\u00e9 le pr\u00e9sident am\u00e9ricain.<\/p>\n<p><iframe loading=\"lazy\" src=\"https:\/\/www.youtube.com\/embed\/dvj8-BBBDAU\" width=\"560\" height=\"315\" frameborder=\"0\" allowfullscreen=\"allowfullscreen\"><\/iframe><\/p>\n<p><img loading=\"lazy\" class=\"alignnone size-medium wp-image-10094\" src=\"https:\/\/www.lejournalduforkane.com\/wp-content\/uploads\/2015\/07\/obama-avoue-300x165.png\" alt=\"obama avoue\" width=\"300\" height=\"165\" srcset=\"https:\/\/www.lejournalduforkane.com\/wp-content\/uploads\/2015\/07\/obama-avoue-300x165.png 300w, https:\/\/www.lejournalduforkane.com\/wp-content\/uploads\/2015\/07\/obama-avoue.png 762w\" sizes=\"(max-width: 300px) 100vw, 300px\" \/><\/p>\n","protected":false},"excerpt":{"rendered":"Obama : \u00ab J\u2019ai ordonn\u00e9, le mois dernier, que nous acc\u00e9l\u00e9rions l\u2019entra\u00eenement des forces de Daesh, y compris des volontaires de tribus sunnites dans la province d\u2019Anbar (province d\u2019Irak), a","protected":false},"author":2,"featured_media":0,"comment_status":"open","ping_status":"closed","sticky":false,"template":"","format":"standard","meta":[],"categories":[],"tags":[],"_links":{"self":[{"href":"https:\/\/www.lejournalduforkane.com\/index.php\/wp-json\/wp\/v2\/posts\/6067"}],"collection":[{"href":"https:\/\/www.lejournalduforkane.com\/index.php\/wp-json\/wp\/v2\/posts"}],"about":[{"href":"https:\/\/www.lejournalduforkane.com\/index.php\/wp-json\/wp\/v2\/types\/post"}],"author":[{"embeddable":true,"href":"https:\/\/www.lejournalduforkane.com\/index.php\/wp-json\/wp\/v2\/users\/2"}],"replies":[{"embeddable":true,"href":"https:\/\/www.lejournalduforkane.com\/index.php\/wp-json\/wp\/v2\/comments?post=6067"}],"version-history":[{"count":2,"href":"https:\/\/www.lejournalduforkane.com\/index.php\/wp-json\/wp\/v2\/posts\/6067\/revisions"}],"predecessor-version":[{"id":10095,"href":"https:\/\/www.lejournalduforkane.com\/index.php\/wp-json\/wp\/v2\/posts\/6067\/revisions\/10095"}],"wp:attachment":[{"href":"https:\/\/www.lejournalduforkane.com\/index.php\/wp-json\/wp\/v2\/media?parent=6067"}],"wp:term":[{"taxonomy":"category","embeddable":true,"href":"https:\/\/www.lejournalduforkane.com\/index.php\/wp-json\/wp\/v2\/categories?post=6067"},{"taxonomy":"post_tag","embeddable":true,"href":"https:\/\/www.lejournalduforkane.com\/index.php\/wp-json\/wp\/v2\/tags?post=6067"}],"curies":[{"name":"wp","href":"https:\/\/api.w.org\/{rel}","templated":true}]}}