
{"id":615,"date":"2019-09-08T11:00:30","date_gmt":"2019-09-08T11:00:30","guid":{"rendered":"https:\/\/www.lejournalduforkane.com\/?p=615"},"modified":"2019-09-08T18:33:02","modified_gmt":"2019-09-08T18:33:02","slug":"l-avenir-du-nucleaire-2","status":"publish","type":"post","link":"https:\/\/www.lejournalduforkane.com\/index.php\/l-avenir-du-nucleaire-2\/","title":{"rendered":"L\u2019avenir du nucl\u00e9aire (2)"},"content":{"rendered":"<p style=\"text-align: justify;\">Dans un premier temps, les USA demandent de faire un front commun pour des sanctions contre l\u2019Iran. <!--more-->La France demande des sanctions malgr\u00e9 la surveillance de l\u2019AIEA. La Russie et la Chine sont pour une voie n\u00e9goci\u00e9e. La doctrine nucl\u00e9aire d\u2019Obama menace directement l\u2019Iran.<img loading=\"lazy\" class=\"wp-image-22865 alignright\" src=\"https:\/\/www.lejournalduforkane.com\/wp-content\/uploads\/2019\/07\/iran-rouhani-nuclear-1706.jpg\" alt=\"iran-rouhani-nuclear-1706\" width=\"281\" height=\"159\" srcset=\"https:\/\/www.lejournalduforkane.com\/wp-content\/uploads\/2019\/07\/iran-rouhani-nuclear-1706.jpg 1024w, https:\/\/www.lejournalduforkane.com\/wp-content\/uploads\/2019\/07\/iran-rouhani-nuclear-1706-300x169.jpg 300w, https:\/\/www.lejournalduforkane.com\/wp-content\/uploads\/2019\/07\/iran-rouhani-nuclear-1706-768x434.jpg 768w\" sizes=\"(max-width: 281px) 100vw, 281px\" \/><\/p>\n<p style=\"text-align: justify;\">Or malgr\u00e9 tout\u00a0cela, la solution qui inclurait la France et la Russie pose probl\u00e8me. Car les Iraniens se m\u00e9fient de la France qui pourrait ne pas rendre le combustible nucl\u00e9aire. L\u2019Iran joue la dissuasion en d\u00e9cidant la production de bombes nouvelles g\u00e9n\u00e9rations. Les puissances sont humili\u00e9es, davantage encore les sionistes. En effet, l\u2019Iran avec la Turquie et le Br\u00e9sil met au point \u00ab\u00a0la d\u00e9claration de T\u00e9h\u00e9ran\u00a0\u00bb : tout se ferait en Turquie puis retournerait en Iran. Et pour couronner le tout l\u2019Iran propose avec ou sans la Russie d\u2019exporter le nucl\u00e9aire.<\/p>\n<p style=\"text-align: justify;\">Dans tous les pays, le nucl\u00e9aire pose probl\u00e8me. C\u2019est que \u00ab\u00a0les sages de Sion\u00a0\u00bb exigent la fin du nucl\u00e9aire civil ou militaire dans le monde sauf en Isra\u00ebl. Le Messie ou Elie le proph\u00e8te n\u00e9cessite une centrale nucl\u00e9aire : il viendra l\u00e0 o\u00f9 il y aura les moyen de son \u0153uvre. On comprend donc cet acharnement des sionistes et cette sourde incompr\u00e9hension des puissances : il suffirait de reconna\u00eetre le droit de l\u2019Iran au nucl\u00e9aire civil et de faire inspecter contin\u00fbment toute centrale par l\u2019AIEA. C\u2019est ce que pr\u00e9conise l\u2019Iran en invitant les ambassadeurs des pays de l\u2019AIEA \u00e0 visiter les autres installations comme la centrale de Bouchehr.<img loading=\"lazy\" class=\"wp-image-22866 alignleft\" src=\"https:\/\/www.lejournalduforkane.com\/wp-content\/uploads\/2019\/07\/centrale-nucleaire-de-bouchehr-1462194157.jpg\" alt=\"centrale-nucleaire-de-bouchehr-1462194157\" width=\"260\" height=\"182\" srcset=\"https:\/\/www.lejournalduforkane.com\/wp-content\/uploads\/2019\/07\/centrale-nucleaire-de-bouchehr-1462194157.jpg 940w, https:\/\/www.lejournalduforkane.com\/wp-content\/uploads\/2019\/07\/centrale-nucleaire-de-bouchehr-1462194157-300x211.jpg 300w, https:\/\/www.lejournalduforkane.com\/wp-content\/uploads\/2019\/07\/centrale-nucleaire-de-bouchehr-1462194157-768x539.jpg 768w\" sizes=\"(max-width: 260px) 100vw, 260px\" \/><\/p>\n<p style=\"text-align: justify;\">Les occidentaux sont oblig\u00e9s de subir une crise des plus graves tout en \u00e9tant eux-m\u00eames sous la pression des sionistes pour abandonner les centrales nucl\u00e9aires pr\u00e9sentes et futures. Des organisations et des associations plus ou moins politiques poussent \u00e7a et l\u00e0 pour demander de \u00ab sortir du nucl\u00e9aire \u00bb. Ce qui est en contradiction avec la \u00ab\u00a0civilisation \u00e9cologique\u00a0\u00bb que le monde conna\u00eet. Car le nucl\u00e9aire est efficace et \u00e9cologique. Mais cela ne suffit pas pour le sionisme qui va toujours plus loin dans ses diktats : Netanyahu demande \u00e0 Obama de menacer l\u2019Iran de repr\u00e9sailles militaires. Le refus est clair et net.<\/p>\n<p style=\"text-align: center;\"><strong>Al-Mahdi\u00a0ira en Iran, dans la centrale de nucl\u00e9aire de Bouchehr pour son \u0153uvre grandiose qui n\u2019implique nullement de programme militaire.<\/strong><\/p>\n","protected":false},"excerpt":{"rendered":"<p>Dans un premier temps, les USA demandent de faire un front commun pour des sanctions contre l\u2019Iran.<\/p>\n","protected":false},"author":2,"featured_media":22865,"comment_status":"open","ping_status":"closed","sticky":false,"template":"","format":"standard","meta":[],"categories":[],"tags":[],"_links":{"self":[{"href":"https:\/\/www.lejournalduforkane.com\/index.php\/wp-json\/wp\/v2\/posts\/615"}],"collection":[{"href":"https:\/\/www.lejournalduforkane.com\/index.php\/wp-json\/wp\/v2\/posts"}],"about":[{"href":"https:\/\/www.lejournalduforkane.com\/index.php\/wp-json\/wp\/v2\/types\/post"}],"author":[{"embeddable":true,"href":"https:\/\/www.lejournalduforkane.com\/index.php\/wp-json\/wp\/v2\/users\/2"}],"replies":[{"embeddable":true,"href":"https:\/\/www.lejournalduforkane.com\/index.php\/wp-json\/wp\/v2\/comments?post=615"}],"version-history":[{"count":4,"href":"https:\/\/www.lejournalduforkane.com\/index.php\/wp-json\/wp\/v2\/posts\/615\/revisions"}],"predecessor-version":[{"id":22867,"href":"https:\/\/www.lejournalduforkane.com\/index.php\/wp-json\/wp\/v2\/posts\/615\/revisions\/22867"}],"wp:featuredmedia":[{"embeddable":true,"href":"https:\/\/www.lejournalduforkane.com\/index.php\/wp-json\/wp\/v2\/media\/22865"}],"wp:attachment":[{"href":"https:\/\/www.lejournalduforkane.com\/index.php\/wp-json\/wp\/v2\/media?parent=615"}],"wp:term":[{"taxonomy":"category","embeddable":true,"href":"https:\/\/www.lejournalduforkane.com\/index.php\/wp-json\/wp\/v2\/categories?post=615"},{"taxonomy":"post_tag","embeddable":true,"href":"https:\/\/www.lejournalduforkane.com\/index.php\/wp-json\/wp\/v2\/tags?post=615"}],"curies":[{"name":"wp","href":"https:\/\/api.w.org\/{rel}","templated":true}]}}