
{"id":6181,"date":"2016-03-24T16:08:21","date_gmt":"2016-03-24T16:08:21","guid":{"rendered":"https:\/\/www.lejournalduforkane.com\/?p=6181"},"modified":"2016-03-24T17:43:18","modified_gmt":"2016-03-24T17:43:18","slug":"video-daesh-et-la-jeunesse-europeenne","status":"publish","type":"post","link":"https:\/\/www.lejournalduforkane.com\/index.php\/video-daesh-et-la-jeunesse-europeenne\/","title":{"rendered":"[Interview] Daesh et la jeunesse europ\u00e9enne"},"content":{"rendered":"<p><!--more--><\/p>\n<p style=\"text-align: justify;\">LE JOURNAL DU FORKANE A ACCORD\u00c9 UN ENTRETIEN T\u00c9L\u00c9PHONIQUE A L&rsquo;AGENCE RUSSE SPTUNIK AU SUJET DE DAESH ET LA JEUNESSE EUROP\u00c9ENNE.<\/p>\n<p><iframe loading=\"lazy\" src=\"https:\/\/www.youtube.com\/embed\/6_J59PvyXQI\" width=\"560\" height=\"315\" frameborder=\"0\" allowfullscreen=\"allowfullscreen\"><\/iframe><\/p>\n<p><img loading=\"lazy\" class=\"alignnone size-medium wp-image-10077\" src=\"https:\/\/www.lejournalduforkane.com\/wp-content\/uploads\/2015\/07\/jeunesse-300x158.jpg\" alt=\"jeunesse\" width=\"300\" height=\"158\" srcset=\"https:\/\/www.lejournalduforkane.com\/wp-content\/uploads\/2015\/07\/jeunesse-300x158.jpg 300w, https:\/\/www.lejournalduforkane.com\/wp-content\/uploads\/2015\/07\/jeunesse.jpg 421w\" sizes=\"(max-width: 300px) 100vw, 300px\" \/><\/p>\n","protected":false},"excerpt":{"rendered":"LE JOURNAL DU FORKANE A ACCORD\u00c9 UN ENTRETIEN T\u00c9L\u00c9PHONIQUE A L'AGENCE RUSSE SPTUNIK AU SUJET DE DAESH ET LA JEUNESSE EUROP\u00c9ENNE.","protected":false},"author":2,"featured_media":0,"comment_status":"open","ping_status":"closed","sticky":false,"template":"","format":"standard","meta":[],"categories":[],"tags":[],"_links":{"self":[{"href":"https:\/\/www.lejournalduforkane.com\/index.php\/wp-json\/wp\/v2\/posts\/6181"}],"collection":[{"href":"https:\/\/www.lejournalduforkane.com\/index.php\/wp-json\/wp\/v2\/posts"}],"about":[{"href":"https:\/\/www.lejournalduforkane.com\/index.php\/wp-json\/wp\/v2\/types\/post"}],"author":[{"embeddable":true,"href":"https:\/\/www.lejournalduforkane.com\/index.php\/wp-json\/wp\/v2\/users\/2"}],"replies":[{"embeddable":true,"href":"https:\/\/www.lejournalduforkane.com\/index.php\/wp-json\/wp\/v2\/comments?post=6181"}],"version-history":[{"count":2,"href":"https:\/\/www.lejournalduforkane.com\/index.php\/wp-json\/wp\/v2\/posts\/6181\/revisions"}],"predecessor-version":[{"id":10078,"href":"https:\/\/www.lejournalduforkane.com\/index.php\/wp-json\/wp\/v2\/posts\/6181\/revisions\/10078"}],"wp:attachment":[{"href":"https:\/\/www.lejournalduforkane.com\/index.php\/wp-json\/wp\/v2\/media?parent=6181"}],"wp:term":[{"taxonomy":"category","embeddable":true,"href":"https:\/\/www.lejournalduforkane.com\/index.php\/wp-json\/wp\/v2\/categories?post=6181"},{"taxonomy":"post_tag","embeddable":true,"href":"https:\/\/www.lejournalduforkane.com\/index.php\/wp-json\/wp\/v2\/tags?post=6181"}],"curies":[{"name":"wp","href":"https:\/\/api.w.org\/{rel}","templated":true}]}}