
{"id":6323,"date":"2017-03-03T08:27:27","date_gmt":"2017-03-03T08:27:27","guid":{"rendered":"https:\/\/www.lejournalduforkane.com\/?p=6323"},"modified":"2017-03-03T19:08:27","modified_gmt":"2017-03-03T19:08:27","slug":"video-exclusive-lettre-de-la-princesse-zeinobi-a-aurelien-lappelant-a-capituler","status":"publish","type":"post","link":"https:\/\/www.lejournalduforkane.com\/index.php\/video-exclusive-lettre-de-la-princesse-zeinobi-a-aurelien-lappelant-a-capituler\/","title":{"rendered":"[Vid\u00e9o exclusive] Lettre de la princesse Zeinobi \u00e0 Aur\u00e9lien l&rsquo;appelant \u00e0 capituler"},"content":{"rendered":"<p><!--more--><\/p>\n<p>Lettre de la princesse Zeinobi \u00e0 Aur\u00e9lien l&rsquo;appelant \u00e0 capituler.<\/p>\n<p><iframe loading=\"lazy\" src=\"https:\/\/www.youtube.com\/embed\/w7qxrN0bEXg\" width=\"560\" height=\"315\" frameborder=\"0\" allowfullscreen=\"allowfullscreen\"><\/iframe><\/p>\n<p>&nbsp;<\/p>\n","protected":false},"excerpt":{"rendered":"Lettre de la princesse Zeinobi \u00e0 Aur\u00e9lien l'appelant \u00e0 capituler. &nbsp;","protected":false},"author":2,"featured_media":10114,"comment_status":"open","ping_status":"closed","sticky":false,"template":"","format":"standard","meta":[],"categories":[],"tags":[],"_links":{"self":[{"href":"https:\/\/www.lejournalduforkane.com\/index.php\/wp-json\/wp\/v2\/posts\/6323"}],"collection":[{"href":"https:\/\/www.lejournalduforkane.com\/index.php\/wp-json\/wp\/v2\/posts"}],"about":[{"href":"https:\/\/www.lejournalduforkane.com\/index.php\/wp-json\/wp\/v2\/types\/post"}],"author":[{"embeddable":true,"href":"https:\/\/www.lejournalduforkane.com\/index.php\/wp-json\/wp\/v2\/users\/2"}],"replies":[{"embeddable":true,"href":"https:\/\/www.lejournalduforkane.com\/index.php\/wp-json\/wp\/v2\/comments?post=6323"}],"version-history":[{"count":3,"href":"https:\/\/www.lejournalduforkane.com\/index.php\/wp-json\/wp\/v2\/posts\/6323\/revisions"}],"predecessor-version":[{"id":15669,"href":"https:\/\/www.lejournalduforkane.com\/index.php\/wp-json\/wp\/v2\/posts\/6323\/revisions\/15669"}],"wp:featuredmedia":[{"embeddable":true,"href":"https:\/\/www.lejournalduforkane.com\/index.php\/wp-json\/wp\/v2\/media\/10114"}],"wp:attachment":[{"href":"https:\/\/www.lejournalduforkane.com\/index.php\/wp-json\/wp\/v2\/media?parent=6323"}],"wp:term":[{"taxonomy":"category","embeddable":true,"href":"https:\/\/www.lejournalduforkane.com\/index.php\/wp-json\/wp\/v2\/categories?post=6323"},{"taxonomy":"post_tag","embeddable":true,"href":"https:\/\/www.lejournalduforkane.com\/index.php\/wp-json\/wp\/v2\/tags?post=6323"}],"curies":[{"name":"wp","href":"https:\/\/api.w.org\/{rel}","templated":true}]}}