
{"id":6337,"date":"2015-07-27T06:34:59","date_gmt":"2015-07-27T06:34:59","guid":{"rendered":"https:\/\/www.lejournalduforkane.com\/?p=6337"},"modified":"2015-07-27T06:34:59","modified_gmt":"2015-07-27T06:34:59","slug":"video-film-publie-hier-pour-louverture-de-la-conference-de-lutte-anti-terroriste-a-damas-sur-les-crimes-des-terroristes-salafistes-en-syrie","status":"publish","type":"post","link":"https:\/\/www.lejournalduforkane.com\/index.php\/video-film-publie-hier-pour-louverture-de-la-conference-de-lutte-anti-terroriste-a-damas-sur-les-crimes-des-terroristes-salafistes-en-syrie\/","title":{"rendered":"[Vid\u00e9o] Film publi\u00e9 hier pour l&rsquo;ouverture de la Conf\u00e9rence de Lutte Anti-Terroriste \u00e0 Damas sur les crimes des terroristes salafistes en Syrie&#8230;"},"content":{"rendered":"<p><!--more--><br \/>\n<iframe loading=\"lazy\" src=\"https:\/\/www.youtube.com\/embed\/BniJcC17XeQ\" width=\"420\" height=\"315\" frameborder=\"0\" allowfullscreen=\"allowfullscreen\"><\/iframe><\/p>\n","protected":false},"excerpt":{"rendered":"","protected":false},"author":2,"featured_media":0,"comment_status":"open","ping_status":"closed","sticky":false,"template":"","format":"standard","meta":[],"categories":[],"tags":[],"_links":{"self":[{"href":"https:\/\/www.lejournalduforkane.com\/index.php\/wp-json\/wp\/v2\/posts\/6337"}],"collection":[{"href":"https:\/\/www.lejournalduforkane.com\/index.php\/wp-json\/wp\/v2\/posts"}],"about":[{"href":"https:\/\/www.lejournalduforkane.com\/index.php\/wp-json\/wp\/v2\/types\/post"}],"author":[{"embeddable":true,"href":"https:\/\/www.lejournalduforkane.com\/index.php\/wp-json\/wp\/v2\/users\/2"}],"replies":[{"embeddable":true,"href":"https:\/\/www.lejournalduforkane.com\/index.php\/wp-json\/wp\/v2\/comments?post=6337"}],"version-history":[{"count":0,"href":"https:\/\/www.lejournalduforkane.com\/index.php\/wp-json\/wp\/v2\/posts\/6337\/revisions"}],"wp:attachment":[{"href":"https:\/\/www.lejournalduforkane.com\/index.php\/wp-json\/wp\/v2\/media?parent=6337"}],"wp:term":[{"taxonomy":"category","embeddable":true,"href":"https:\/\/www.lejournalduforkane.com\/index.php\/wp-json\/wp\/v2\/categories?post=6337"},{"taxonomy":"post_tag","embeddable":true,"href":"https:\/\/www.lejournalduforkane.com\/index.php\/wp-json\/wp\/v2\/tags?post=6337"}],"curies":[{"name":"wp","href":"https:\/\/api.w.org\/{rel}","templated":true}]}}