
{"id":6351,"date":"2016-03-29T18:10:28","date_gmt":"2016-03-29T18:10:28","guid":{"rendered":"https:\/\/www.lejournalduforkane.com\/?p=6351"},"modified":"2016-03-29T19:00:41","modified_gmt":"2016-03-29T19:00:41","slug":"video-bashar-al-assad-parle-du-terrorisme-en-france-en-occident-et-en-syrie-26072015","status":"publish","type":"post","link":"https:\/\/www.lejournalduforkane.com\/index.php\/video-bashar-al-assad-parle-du-terrorisme-en-france-en-occident-et-en-syrie-26072015\/","title":{"rendered":"[Vid\u00e9o] Bashar Al Assad parle du terrorisme en France, en Occident et en Syrie (26\/07\/2015)"},"content":{"rendered":"<p style=\"text-align: justify;\"><!--more--><\/p>\n<div class=\"_5pbx userContent\" data-ft=\"{&quot;tn&quot;:&quot;K&quot;}\">\n<p style=\"text-align: justify;\">Le 26 juillet 2015, Bashar Al-Assad a \u00e9voqu\u00e9 dans un discours la lutte contre le terrorisme. Il a ainsi critiqu\u00e9 les \u00c9tats occidentaux, d\u00e9sormais inquiets de la propagation d&rsquo;un terrorisme qu&rsquo;ils ont eux-m\u00eames contribu\u00e9 \u00e0 fabriquer. Il a mentionn\u00e9 l&rsquo;hypocrisie de leur pr\u00e9tendue lutte en d\u00e9non\u00e7ant le deux poids deux mesures politico-m\u00e9diatique en vigueur, selon que ce terrorisme frappe l&rsquo;Occident ou la Syrie. Il a affirm\u00e9 que les changements de position des \u00c9tats occidentaux sur ce sujet n&rsquo;\u00e9taient ni stables ni permanents mais \u00e9manaient seulement d&rsquo;int\u00e9r\u00eats conjoncturels. Il a ensuite affirm\u00e9 que l&rsquo;Etat syrien ne renoncera pas aux droits du peuple tant que les Syriens n&rsquo;y renoncent pas eux-m\u00eames.<\/p>\n<p><iframe loading=\"lazy\" src=\"https:\/\/www.youtube.com\/embed\/RWiYlZYapnQ\" width=\"560\" height=\"315\" frameborder=\"0\" allowfullscreen=\"allowfullscreen\"><\/iframe><\/p>\n<p><a href=\"http:\/\/158.255.2.50\/wp-content\/uploads\/2013\/07\/bachar.jpg\"><img loading=\"lazy\" class=\"alignnone wp-image-2381\" src=\"http:\/\/158.255.2.50\/wp-content\/uploads\/2013\/07\/bachar.jpg\" alt=\"bachar\" width=\"331\" height=\"164\" \/><\/a><\/p>\n<\/div>\n","protected":false},"excerpt":{"rendered":"Le 26 juillet 2015, Bashar Al-Assad a \u00e9voqu\u00e9 dans un discours la lutte contre le terrorisme. Il a ainsi critiqu\u00e9 les \u00c9tats occidentaux, d\u00e9sormais inquiets de la propagation d'un terrorisme","protected":false},"author":2,"featured_media":0,"comment_status":"open","ping_status":"closed","sticky":false,"template":"","format":"standard","meta":[],"categories":[],"tags":[],"_links":{"self":[{"href":"https:\/\/www.lejournalduforkane.com\/index.php\/wp-json\/wp\/v2\/posts\/6351"}],"collection":[{"href":"https:\/\/www.lejournalduforkane.com\/index.php\/wp-json\/wp\/v2\/posts"}],"about":[{"href":"https:\/\/www.lejournalduforkane.com\/index.php\/wp-json\/wp\/v2\/types\/post"}],"author":[{"embeddable":true,"href":"https:\/\/www.lejournalduforkane.com\/index.php\/wp-json\/wp\/v2\/users\/2"}],"replies":[{"embeddable":true,"href":"https:\/\/www.lejournalduforkane.com\/index.php\/wp-json\/wp\/v2\/comments?post=6351"}],"version-history":[{"count":2,"href":"https:\/\/www.lejournalduforkane.com\/index.php\/wp-json\/wp\/v2\/posts\/6351\/revisions"}],"predecessor-version":[{"id":10198,"href":"https:\/\/www.lejournalduforkane.com\/index.php\/wp-json\/wp\/v2\/posts\/6351\/revisions\/10198"}],"wp:attachment":[{"href":"https:\/\/www.lejournalduforkane.com\/index.php\/wp-json\/wp\/v2\/media?parent=6351"}],"wp:term":[{"taxonomy":"category","embeddable":true,"href":"https:\/\/www.lejournalduforkane.com\/index.php\/wp-json\/wp\/v2\/categories?post=6351"},{"taxonomy":"post_tag","embeddable":true,"href":"https:\/\/www.lejournalduforkane.com\/index.php\/wp-json\/wp\/v2\/tags?post=6351"}],"curies":[{"name":"wp","href":"https:\/\/api.w.org\/{rel}","templated":true}]}}