
{"id":6371,"date":"2015-07-31T22:27:01","date_gmt":"2015-07-31T22:27:01","guid":{"rendered":"https:\/\/www.lejournalduforkane.com\/?p=6371"},"modified":"2019-01-16T19:24:06","modified_gmt":"2019-01-16T19:24:06","slug":"afghanistan-les-talibans-nomment-un-successeur-apres-mollah-omar-voici-mollah-mansour","status":"publish","type":"post","link":"https:\/\/www.lejournalduforkane.com\/index.php\/afghanistan-les-talibans-nomment-un-successeur-apres-mollah-omar-voici-mollah-mansour\/","title":{"rendered":"Afghanistan, les Talibans nomment un successeur : apr\u00e8s Mollah Omar, voici Mollah Mansour"},"content":{"rendered":"<p style=\"text-align: justify;\"><!--more-->Les talibans afghans ont annonc\u00e9 vendredi 31\/07\/2015<a href=\"http:\/\/158.255.2.50\/wp-content\/uploads\/2015\/07\/taliban.jpg\"><img loading=\"lazy\" class=\" wp-image-6372 size-medium alignright\" src=\"http:\/\/158.255.2.50\/wp-content\/uploads\/2015\/07\/taliban-300x145.jpg\" alt=\"taliban\" width=\"300\" height=\"145\" \/><\/a> avoir choisi le mollah Akhtar Mansour, bras droit du d\u00e9funt mollah Omar, pour les diriger, un homme r\u00e9put\u00e9 pour son pragmatisme car deux questions se posent \u00e0 ce groupe terroriste au service de l\u2019Am\u00e9rique :<\/p>\n<ul style=\"text-align: justify;\">\n<li>Faut-il s\u2019engager dans d&rsquo;ardus pourparlers de paix avec Kaboul et arr\u00eater les attentats qui menacent la stabilit\u00e9 du pays<span class=\"text_exposed_show\"> et tuent chaque jour depuis 2001 des dizaines d\u2019habitants. On le sait, les Talibans ont normalement fui le pays et une r\u00e9sistance s\u2019\u00e9tait organis\u00e9 pour bouter les salet\u00e9s de yankees hors du pays. Ainsi l\u2019Am\u00e9rique pour court-circuiter la R\u00e9sistance a fait appelle \u00e0 Ben-Laden tant qu\u2019il \u00e9tait encore vivant, jusqu\u2019\u00e0 ce qu\u2019ils ne servent plus \u00e0 rien comme son amis Mollah Omar qui a \u00e9t\u00e9 \u00e9ject\u00e9. Cela parce que l\u2019Am\u00e9rique et Isra\u00ebl ont une nouvelle carte \u00e0 jouer dans la r\u00e9gion, elle s\u2019appelle Daesh. <\/span><\/li>\n<\/ul>\n<div class=\"text_exposed_show\">\n<ul style=\"text-align: justify;\">\n<li style=\"text-align: justify;\">L\u2019autre question : faut-il fusionner avec Daesh ? Les strat\u00e8ges de Washington et de Tel-Aviv, veulent que les Talibans, comme les autres groupes terroristes salafistes wahhabites maudits, int\u00e8grent l&rsquo;organisation de Daesh. Daesh, ayant proclam\u00e9 le Califat sur tout le monde arabo-islamique, souhaite \u00e9tendre en Afghanistan son califat, qu\u2019il a d\u00e9j\u00e0 d\u00e9clar\u00e9 sur des pans entier de la Syrie et de l&rsquo;Irak.<\/li>\n<\/ul>\n<p style=\"text-align: justify;\"><strong>GR\u00c2CE A CES TERRORISTES : DAESH, FRONT-AL-NOSRA, AL-QA\u00cfDA, ETC\u2026 LE MONDE ARABO-MUSULMANS EST A FEU ET A SANG. C\u2019EST TOUTE LA STRATEGIE SIONISTE QUI LEUR PERMET D\u2019OPPRIMER LES PALESTINIENS CHAQUE JOUR EN TOUTE IMPUNITE\u2026MAIS AL-MAHDI VIENDRA AVEC SON GRAND PROJET POUR ANEANTIR LEUR PLAN DE DOMINATION<\/strong><\/p>\n<\/div>\n","protected":false},"excerpt":{"rendered":"Les talibans afghans ont annonc\u00e9 vendredi 31\/07\/2015 avoir choisi le mollah Akhtar Mansour, bras droit du d\u00e9funt mollah Omar, pour les diriger, un homme r\u00e9put\u00e9 pour son pragmatisme car deux","protected":false},"author":2,"featured_media":0,"comment_status":"open","ping_status":"closed","sticky":false,"template":"","format":"standard","meta":[],"categories":[],"tags":[],"_links":{"self":[{"href":"https:\/\/www.lejournalduforkane.com\/index.php\/wp-json\/wp\/v2\/posts\/6371"}],"collection":[{"href":"https:\/\/www.lejournalduforkane.com\/index.php\/wp-json\/wp\/v2\/posts"}],"about":[{"href":"https:\/\/www.lejournalduforkane.com\/index.php\/wp-json\/wp\/v2\/types\/post"}],"author":[{"embeddable":true,"href":"https:\/\/www.lejournalduforkane.com\/index.php\/wp-json\/wp\/v2\/users\/2"}],"replies":[{"embeddable":true,"href":"https:\/\/www.lejournalduforkane.com\/index.php\/wp-json\/wp\/v2\/comments?post=6371"}],"version-history":[{"count":2,"href":"https:\/\/www.lejournalduforkane.com\/index.php\/wp-json\/wp\/v2\/posts\/6371\/revisions"}],"predecessor-version":[{"id":14815,"href":"https:\/\/www.lejournalduforkane.com\/index.php\/wp-json\/wp\/v2\/posts\/6371\/revisions\/14815"}],"wp:attachment":[{"href":"https:\/\/www.lejournalduforkane.com\/index.php\/wp-json\/wp\/v2\/media?parent=6371"}],"wp:term":[{"taxonomy":"category","embeddable":true,"href":"https:\/\/www.lejournalduforkane.com\/index.php\/wp-json\/wp\/v2\/categories?post=6371"},{"taxonomy":"post_tag","embeddable":true,"href":"https:\/\/www.lejournalduforkane.com\/index.php\/wp-json\/wp\/v2\/tags?post=6371"}],"curies":[{"name":"wp","href":"https:\/\/api.w.org\/{rel}","templated":true}]}}