
{"id":6450,"date":"2015-08-08T20:20:21","date_gmt":"2015-08-08T20:20:21","guid":{"rendered":"https:\/\/www.lejournalduforkane.com\/?p=6450"},"modified":"2015-08-08T20:20:21","modified_gmt":"2015-08-08T20:20:21","slug":"les-soldats-de-larmee-yemenite-lancent-une-attaque-de-represailles-sur-une-base-militaire-au-sud-ouest-de-larabie-saoudite","status":"publish","type":"post","link":"https:\/\/www.lejournalduforkane.com\/index.php\/les-soldats-de-larmee-yemenite-lancent-une-attaque-de-represailles-sur-une-base-militaire-au-sud-ouest-de-larabie-saoudite\/","title":{"rendered":"Les soldats de l&rsquo;arm\u00e9e y\u00e9m\u00e9nite lancent une attaque de repr\u00e9sailles sur une base militaire au sud-ouest de l&rsquo;Arabie saoudite"},"content":{"rendered":"<p><!--more--><\/p>\n<p>Les soldats de l&rsquo;arm\u00e9e y\u00e9m\u00e9nite lancent une attaque de repr\u00e9sailles sur une base militaire au sud-ouest de l&rsquo;Arabie saoudite. Riyad refuse d&rsquo;arr\u00eater son agression militaire contre le peuple b\u00e9ni du Y\u00e9men.<\/p>\n<p><iframe loading=\"lazy\" src=\"https:\/\/www.youtube.com\/embed\/lOHfgukknhE\" width=\"420\" height=\"315\" frameborder=\"0\" allowfullscreen=\"allowfullscreen\"><\/iframe><\/p>\n<p><a href=\"http:\/\/158.255.2.50\/wp-content\/uploads\/2015\/08\/attaque-7.png\"><img loading=\"lazy\" class=\"alignnone  wp-image-6451\" src=\"http:\/\/158.255.2.50\/wp-content\/uploads\/2015\/08\/attaque-7.png\" alt=\"attaque 7\" width=\"322\" height=\"182\" srcset=\"https:\/\/www.lejournalduforkane.com\/wp-content\/uploads\/2015\/08\/attaque-7.png 543w, https:\/\/www.lejournalduforkane.com\/wp-content\/uploads\/2015\/08\/attaque-7-300x170.png 300w\" sizes=\"(max-width: 322px) 100vw, 322px\" \/><\/a><\/p>\n","protected":false},"excerpt":{"rendered":"Les soldats de l'arm\u00e9e y\u00e9m\u00e9nite lancent une attaque de repr\u00e9sailles sur une base militaire au sud-ouest de l'Arabie saoudite. Riyad refuse d'arr\u00eater son agression militaire contre le peuple b\u00e9ni du","protected":false},"author":2,"featured_media":0,"comment_status":"open","ping_status":"closed","sticky":false,"template":"","format":"standard","meta":[],"categories":[],"tags":[],"_links":{"self":[{"href":"https:\/\/www.lejournalduforkane.com\/index.php\/wp-json\/wp\/v2\/posts\/6450"}],"collection":[{"href":"https:\/\/www.lejournalduforkane.com\/index.php\/wp-json\/wp\/v2\/posts"}],"about":[{"href":"https:\/\/www.lejournalduforkane.com\/index.php\/wp-json\/wp\/v2\/types\/post"}],"author":[{"embeddable":true,"href":"https:\/\/www.lejournalduforkane.com\/index.php\/wp-json\/wp\/v2\/users\/2"}],"replies":[{"embeddable":true,"href":"https:\/\/www.lejournalduforkane.com\/index.php\/wp-json\/wp\/v2\/comments?post=6450"}],"version-history":[{"count":0,"href":"https:\/\/www.lejournalduforkane.com\/index.php\/wp-json\/wp\/v2\/posts\/6450\/revisions"}],"wp:attachment":[{"href":"https:\/\/www.lejournalduforkane.com\/index.php\/wp-json\/wp\/v2\/media?parent=6450"}],"wp:term":[{"taxonomy":"category","embeddable":true,"href":"https:\/\/www.lejournalduforkane.com\/index.php\/wp-json\/wp\/v2\/categories?post=6450"},{"taxonomy":"post_tag","embeddable":true,"href":"https:\/\/www.lejournalduforkane.com\/index.php\/wp-json\/wp\/v2\/tags?post=6450"}],"curies":[{"name":"wp","href":"https:\/\/api.w.org\/{rel}","templated":true}]}}