
{"id":6515,"date":"2015-08-14T06:00:06","date_gmt":"2015-08-14T06:00:06","guid":{"rendered":"https:\/\/www.lejournalduforkane.com\/?p=6515"},"modified":"2015-08-14T06:00:06","modified_gmt":"2015-08-14T06:00:06","slug":"video-le-hamas-prend-le-controle-dun-drone-militaire-israelien","status":"publish","type":"post","link":"https:\/\/www.lejournalduforkane.com\/index.php\/video-le-hamas-prend-le-controle-dun-drone-militaire-israelien\/","title":{"rendered":"[Vid\u00e9o] Le Hamas prend le contr\u00f4le d\u2019un drone militaire isra\u00e9lien"},"content":{"rendered":"<p><!--more--><\/p>\n<p>Une unit\u00e9 sp\u00e9cial du Hamas a r\u00e9ussi \u00e0 s&#8217;emparer il y a environ deux semaines d&rsquo;un drone isra\u00e9lien, le rendant op\u00e9rationnel \u00e0 son service.<\/p>\n<p><iframe loading=\"lazy\" src=\"https:\/\/www.youtube.com\/embed\/QZw0U9CEExY\" width=\"560\" height=\"315\" frameborder=\"0\" allowfullscreen=\"allowfullscreen\"><\/iframe><\/p>\n","protected":false},"excerpt":{"rendered":"Une unit\u00e9 sp\u00e9cial du Hamas a r\u00e9ussi \u00e0 s'emparer il y a environ deux semaines d'un drone isra\u00e9lien, le rendant op\u00e9rationnel \u00e0 son service.","protected":false},"author":2,"featured_media":0,"comment_status":"open","ping_status":"closed","sticky":false,"template":"","format":"standard","meta":[],"categories":[],"tags":[],"_links":{"self":[{"href":"https:\/\/www.lejournalduforkane.com\/index.php\/wp-json\/wp\/v2\/posts\/6515"}],"collection":[{"href":"https:\/\/www.lejournalduforkane.com\/index.php\/wp-json\/wp\/v2\/posts"}],"about":[{"href":"https:\/\/www.lejournalduforkane.com\/index.php\/wp-json\/wp\/v2\/types\/post"}],"author":[{"embeddable":true,"href":"https:\/\/www.lejournalduforkane.com\/index.php\/wp-json\/wp\/v2\/users\/2"}],"replies":[{"embeddable":true,"href":"https:\/\/www.lejournalduforkane.com\/index.php\/wp-json\/wp\/v2\/comments?post=6515"}],"version-history":[{"count":0,"href":"https:\/\/www.lejournalduforkane.com\/index.php\/wp-json\/wp\/v2\/posts\/6515\/revisions"}],"wp:attachment":[{"href":"https:\/\/www.lejournalduforkane.com\/index.php\/wp-json\/wp\/v2\/media?parent=6515"}],"wp:term":[{"taxonomy":"category","embeddable":true,"href":"https:\/\/www.lejournalduforkane.com\/index.php\/wp-json\/wp\/v2\/categories?post=6515"},{"taxonomy":"post_tag","embeddable":true,"href":"https:\/\/www.lejournalduforkane.com\/index.php\/wp-json\/wp\/v2\/tags?post=6515"}],"curies":[{"name":"wp","href":"https:\/\/api.w.org\/{rel}","templated":true}]}}