
{"id":6565,"date":"2015-08-19T13:59:48","date_gmt":"2015-08-19T13:59:48","guid":{"rendered":"https:\/\/www.lejournalduforkane.com\/?p=6565"},"modified":"2015-08-19T13:59:48","modified_gmt":"2015-08-19T13:59:48","slug":"video-exclusive-larmee-yemenite-et-les-comites-populaires-sur-les-hauteurs-de-la-ville-de-nadjran-en-arabie-saoudite","status":"publish","type":"post","link":"https:\/\/www.lejournalduforkane.com\/index.php\/video-exclusive-larmee-yemenite-et-les-comites-populaires-sur-les-hauteurs-de-la-ville-de-nadjran-en-arabie-saoudite\/","title":{"rendered":"[Vid\u00e9o Exclusive] L&rsquo;Arm\u00e9e y\u00e9m\u00e9nite et les comit\u00e9s populaires sur les hauteurs de la ville de Nadjran en Arabie Saoudite"},"content":{"rendered":"<p><!--more--><br \/>\n<iframe loading=\"lazy\" width=\"420\" height=\"315\" src=\"https:\/\/www.youtube.com\/embed\/GI4E7_mYEzw\" frameborder=\"0\" allowfullscreen><\/iframe><br \/>\n&nbsp;<\/p>\n","protected":false},"excerpt":{"rendered":"&nbsp;","protected":false},"author":2,"featured_media":0,"comment_status":"open","ping_status":"closed","sticky":false,"template":"","format":"standard","meta":[],"categories":[],"tags":[],"_links":{"self":[{"href":"https:\/\/www.lejournalduforkane.com\/index.php\/wp-json\/wp\/v2\/posts\/6565"}],"collection":[{"href":"https:\/\/www.lejournalduforkane.com\/index.php\/wp-json\/wp\/v2\/posts"}],"about":[{"href":"https:\/\/www.lejournalduforkane.com\/index.php\/wp-json\/wp\/v2\/types\/post"}],"author":[{"embeddable":true,"href":"https:\/\/www.lejournalduforkane.com\/index.php\/wp-json\/wp\/v2\/users\/2"}],"replies":[{"embeddable":true,"href":"https:\/\/www.lejournalduforkane.com\/index.php\/wp-json\/wp\/v2\/comments?post=6565"}],"version-history":[{"count":0,"href":"https:\/\/www.lejournalduforkane.com\/index.php\/wp-json\/wp\/v2\/posts\/6565\/revisions"}],"wp:attachment":[{"href":"https:\/\/www.lejournalduforkane.com\/index.php\/wp-json\/wp\/v2\/media?parent=6565"}],"wp:term":[{"taxonomy":"category","embeddable":true,"href":"https:\/\/www.lejournalduforkane.com\/index.php\/wp-json\/wp\/v2\/categories?post=6565"},{"taxonomy":"post_tag","embeddable":true,"href":"https:\/\/www.lejournalduforkane.com\/index.php\/wp-json\/wp\/v2\/tags?post=6565"}],"curies":[{"name":"wp","href":"https:\/\/api.w.org\/{rel}","templated":true}]}}