
{"id":6847,"date":"2015-09-12T12:38:50","date_gmt":"2015-09-12T12:38:50","guid":{"rendered":"https:\/\/www.lejournalduforkane.com\/?p=6847"},"modified":"2015-09-12T12:38:50","modified_gmt":"2015-09-12T12:38:50","slug":"hier-a-sanaa-manifestation-des-yemenites","status":"publish","type":"post","link":"https:\/\/www.lejournalduforkane.com\/index.php\/hier-a-sanaa-manifestation-des-yemenites\/","title":{"rendered":"Hier \u00e0 Sanaa : Manifestation des y\u00e9m\u00e9nites"},"content":{"rendered":"<p style=\"text-align: justify;\"><!--more-->Hier \u00e0 Sanaa :<br \/>\nAvec l&rsquo;habit d&rsquo;Ihram, les y\u00e9m\u00e9nites sont sortis en masse et envoy\u00e9 un message \u00e0 tous les musulmans du monde : \u00a0\u00bb LE HAJJ EST POUR ALLAH, PAS POUR LES AL-SAOUD, ALORS POURQUOI ILS EMP\u00caCHENT LES YEMENITES D&rsquo;ACCOMPLIR LE P\u00c8LERINAGE ?!<\/p>\n<p style=\"text-align: justify;\"><a href=\"http:\/\/158.255.2.50\/wp-content\/uploads\/2015\/09\/manif-hajj-3.jpg\"><img loading=\"lazy\" class=\"alignnone size-medium wp-image-6848\" src=\"http:\/\/158.255.2.50\/wp-content\/uploads\/2015\/09\/manif-hajj-3-300x200.jpg\" alt=\"manif hajj 3\" width=\"300\" height=\"200\" srcset=\"https:\/\/www.lejournalduforkane.com\/wp-content\/uploads\/2015\/09\/manif-hajj-3-300x200.jpg 300w, https:\/\/www.lejournalduforkane.com\/wp-content\/uploads\/2015\/09\/manif-hajj-3-768x512.jpg 768w, https:\/\/www.lejournalduforkane.com\/wp-content\/uploads\/2015\/09\/manif-hajj-3.jpg 960w\" sizes=\"(max-width: 300px) 100vw, 300px\" \/><\/a>\u00a0 <a href=\"http:\/\/158.255.2.50\/wp-content\/uploads\/2015\/09\/manif-hajj-5.jpg\"><img loading=\"lazy\" class=\"alignnone size-medium wp-image-6850\" src=\"http:\/\/158.255.2.50\/wp-content\/uploads\/2015\/09\/manif-hajj-5-300x200.jpg\" alt=\"manif hajj 5\" width=\"300\" height=\"200\" srcset=\"https:\/\/www.lejournalduforkane.com\/wp-content\/uploads\/2015\/09\/manif-hajj-5-300x200.jpg 300w, https:\/\/www.lejournalduforkane.com\/wp-content\/uploads\/2015\/09\/manif-hajj-5-768x512.jpg 768w, https:\/\/www.lejournalduforkane.com\/wp-content\/uploads\/2015\/09\/manif-hajj-5.jpg 960w\" sizes=\"(max-width: 300px) 100vw, 300px\" \/><\/a><a href=\"http:\/\/158.255.2.50\/wp-content\/uploads\/2015\/09\/manif-hajj-4.jpg\"><img loading=\"lazy\" class=\"alignnone size-medium wp-image-6849\" src=\"http:\/\/158.255.2.50\/wp-content\/uploads\/2015\/09\/manif-hajj-4.jpg\" alt=\"manif hajj 4\" width=\"247\" height=\"165\" \/><\/a><\/p>\n","protected":false},"excerpt":{"rendered":"Hier \u00e0 Sanaa : Avec l'habit d'Ihram, les y\u00e9m\u00e9nites sont sortis en masse et envoy\u00e9 un message \u00e0 tous les musulmans du monde : \" LE HAJJ EST POUR ALLAH,","protected":false},"author":2,"featured_media":0,"comment_status":"open","ping_status":"closed","sticky":false,"template":"","format":"standard","meta":[],"categories":[],"tags":[],"_links":{"self":[{"href":"https:\/\/www.lejournalduforkane.com\/index.php\/wp-json\/wp\/v2\/posts\/6847"}],"collection":[{"href":"https:\/\/www.lejournalduforkane.com\/index.php\/wp-json\/wp\/v2\/posts"}],"about":[{"href":"https:\/\/www.lejournalduforkane.com\/index.php\/wp-json\/wp\/v2\/types\/post"}],"author":[{"embeddable":true,"href":"https:\/\/www.lejournalduforkane.com\/index.php\/wp-json\/wp\/v2\/users\/2"}],"replies":[{"embeddable":true,"href":"https:\/\/www.lejournalduforkane.com\/index.php\/wp-json\/wp\/v2\/comments?post=6847"}],"version-history":[{"count":0,"href":"https:\/\/www.lejournalduforkane.com\/index.php\/wp-json\/wp\/v2\/posts\/6847\/revisions"}],"wp:attachment":[{"href":"https:\/\/www.lejournalduforkane.com\/index.php\/wp-json\/wp\/v2\/media?parent=6847"}],"wp:term":[{"taxonomy":"category","embeddable":true,"href":"https:\/\/www.lejournalduforkane.com\/index.php\/wp-json\/wp\/v2\/categories?post=6847"},{"taxonomy":"post_tag","embeddable":true,"href":"https:\/\/www.lejournalduforkane.com\/index.php\/wp-json\/wp\/v2\/tags?post=6847"}],"curies":[{"name":"wp","href":"https:\/\/api.w.org\/{rel}","templated":true}]}}