
{"id":6892,"date":"2015-09-16T13:15:05","date_gmt":"2015-09-16T13:15:05","guid":{"rendered":"https:\/\/www.lejournalduforkane.com\/?p=6892"},"modified":"2015-09-16T13:15:05","modified_gmt":"2015-09-16T13:15:05","slug":"video-de-nouvelles-scenes-de-guerre-a-marib-capitale-du-gouvernorat-de-marib-au-yemen","status":"publish","type":"post","link":"https:\/\/www.lejournalduforkane.com\/index.php\/video-de-nouvelles-scenes-de-guerre-a-marib-capitale-du-gouvernorat-de-marib-au-yemen\/","title":{"rendered":"[Vid\u00e9o] De nouvelles sc\u00e8nes de guerre \u00e0 Ma&rsquo;rib (capitale du gouvernorat de Ma&rsquo;rib au Y\u00e9men)."},"content":{"rendered":"<p><!--more--><\/p>\n<p>Dans cette courte vid\u00e9o, on y voit les forces y\u00e9m\u00e9nites et les comit\u00e9s populaires d\u00e9truire de nombreux v\u00e9hicules blind\u00e9s appartenant \u00e0 l&rsquo;envahisseur saoudien, tandis que d&rsquo;autres s&rsquo;enfuient&#8230;<\/p>\n<p><iframe loading=\"lazy\" src=\"https:\/\/www.youtube.com\/embed\/DIgCcFL4wFw\" width=\"420\" height=\"315\" frameborder=\"0\" allowfullscreen=\"allowfullscreen\"><\/iframe><\/p>\n","protected":false},"excerpt":{"rendered":"Dans cette courte vid\u00e9o, on y voit les forces y\u00e9m\u00e9nites et les comit\u00e9s populaires d\u00e9truire de nombreux v\u00e9hicules blind\u00e9s appartenant \u00e0 l'envahisseur saoudien, tandis que d'autres s'enfuient...","protected":false},"author":2,"featured_media":0,"comment_status":"open","ping_status":"closed","sticky":false,"template":"","format":"standard","meta":[],"categories":[],"tags":[],"_links":{"self":[{"href":"https:\/\/www.lejournalduforkane.com\/index.php\/wp-json\/wp\/v2\/posts\/6892"}],"collection":[{"href":"https:\/\/www.lejournalduforkane.com\/index.php\/wp-json\/wp\/v2\/posts"}],"about":[{"href":"https:\/\/www.lejournalduforkane.com\/index.php\/wp-json\/wp\/v2\/types\/post"}],"author":[{"embeddable":true,"href":"https:\/\/www.lejournalduforkane.com\/index.php\/wp-json\/wp\/v2\/users\/2"}],"replies":[{"embeddable":true,"href":"https:\/\/www.lejournalduforkane.com\/index.php\/wp-json\/wp\/v2\/comments?post=6892"}],"version-history":[{"count":0,"href":"https:\/\/www.lejournalduforkane.com\/index.php\/wp-json\/wp\/v2\/posts\/6892\/revisions"}],"wp:attachment":[{"href":"https:\/\/www.lejournalduforkane.com\/index.php\/wp-json\/wp\/v2\/media?parent=6892"}],"wp:term":[{"taxonomy":"category","embeddable":true,"href":"https:\/\/www.lejournalduforkane.com\/index.php\/wp-json\/wp\/v2\/categories?post=6892"},{"taxonomy":"post_tag","embeddable":true,"href":"https:\/\/www.lejournalduforkane.com\/index.php\/wp-json\/wp\/v2\/tags?post=6892"}],"curies":[{"name":"wp","href":"https:\/\/api.w.org\/{rel}","templated":true}]}}