
{"id":6969,"date":"2015-09-22T17:07:29","date_gmt":"2015-09-22T17:07:29","guid":{"rendered":"https:\/\/www.lejournalduforkane.com\/?p=6969"},"modified":"2015-09-22T17:07:29","modified_gmt":"2015-09-22T17:07:29","slug":"interview-situation-en-syrie-et-plan-de-la-communaute-internationale","status":"publish","type":"post","link":"https:\/\/www.lejournalduforkane.com\/index.php\/interview-situation-en-syrie-et-plan-de-la-communaute-internationale\/","title":{"rendered":"[Interview] Situation en Syrie et plan de la communaut\u00e9 internationale"},"content":{"rendered":"<p><!--more--><\/p>\n<p>LE JOURNAL DU FORKANE A ACCORD\u00c9 UN ENTRETIEN T\u00c9L\u00c9PHONIQUE A L&rsquo;AGENCE RUSSE SPUTNIK AU SUJET DE LA SITUATION EN SYRIE ET SUR LES PLANS DE LA COMMUNAUT\u00c9 INTERNATIONALE.<\/p>\n<p><iframe loading=\"lazy\" src=\"https:\/\/www.youtube.com\/embed\/uVQkI4318CY\" width=\"560\" height=\"315\" frameborder=\"0\" allowfullscreen=\"allowfullscreen\"><\/iframe><\/p>\n<p><a href=\"http:\/\/158.255.2.50\/wp-content\/uploads\/2015\/09\/situation-syrie-plan-communaute-internationale.png\"><img loading=\"lazy\" class=\"alignleft wp-image-6970 size-medium\" src=\"http:\/\/158.255.2.50\/wp-content\/uploads\/2015\/09\/situation-syrie-plan-communaute-internationale-300x168.png\" alt=\"situation syrie plan communaute internationale\" width=\"300\" height=\"168\" srcset=\"https:\/\/www.lejournalduforkane.com\/wp-content\/uploads\/2015\/09\/situation-syrie-plan-communaute-internationale-300x168.png 300w, https:\/\/www.lejournalduforkane.com\/wp-content\/uploads\/2015\/09\/situation-syrie-plan-communaute-internationale.png 718w\" sizes=\"(max-width: 300px) 100vw, 300px\" \/><\/a><\/p>\n","protected":false},"excerpt":{"rendered":"LE JOURNAL DU FORKANE A ACCORD\u00c9 UN ENTRETIEN T\u00c9L\u00c9PHONIQUE A L'AGENCE RUSSE SPUTNIK AU SUJET DE LA SITUATION EN SYRIE ET SUR LES PLANS DE LA COMMUNAUT\u00c9 INTERNATIONALE.","protected":false},"author":2,"featured_media":0,"comment_status":"open","ping_status":"closed","sticky":false,"template":"","format":"standard","meta":[],"categories":[],"tags":[],"_links":{"self":[{"href":"https:\/\/www.lejournalduforkane.com\/index.php\/wp-json\/wp\/v2\/posts\/6969"}],"collection":[{"href":"https:\/\/www.lejournalduforkane.com\/index.php\/wp-json\/wp\/v2\/posts"}],"about":[{"href":"https:\/\/www.lejournalduforkane.com\/index.php\/wp-json\/wp\/v2\/types\/post"}],"author":[{"embeddable":true,"href":"https:\/\/www.lejournalduforkane.com\/index.php\/wp-json\/wp\/v2\/users\/2"}],"replies":[{"embeddable":true,"href":"https:\/\/www.lejournalduforkane.com\/index.php\/wp-json\/wp\/v2\/comments?post=6969"}],"version-history":[{"count":0,"href":"https:\/\/www.lejournalduforkane.com\/index.php\/wp-json\/wp\/v2\/posts\/6969\/revisions"}],"wp:attachment":[{"href":"https:\/\/www.lejournalduforkane.com\/index.php\/wp-json\/wp\/v2\/media?parent=6969"}],"wp:term":[{"taxonomy":"category","embeddable":true,"href":"https:\/\/www.lejournalduforkane.com\/index.php\/wp-json\/wp\/v2\/categories?post=6969"},{"taxonomy":"post_tag","embeddable":true,"href":"https:\/\/www.lejournalduforkane.com\/index.php\/wp-json\/wp\/v2\/tags?post=6969"}],"curies":[{"name":"wp","href":"https:\/\/api.w.org\/{rel}","templated":true}]}}