
{"id":6972,"date":"2015-09-22T20:16:26","date_gmt":"2015-09-22T20:16:26","guid":{"rendered":"https:\/\/www.lejournalduforkane.com\/?p=6972"},"modified":"2015-09-22T20:16:26","modified_gmt":"2015-09-22T20:16:26","slug":"video-a-partager-un-maximum-larmee-yemenite-abat-un-chasseur-saoudien","status":"publish","type":"post","link":"https:\/\/www.lejournalduforkane.com\/index.php\/video-a-partager-un-maximum-larmee-yemenite-abat-un-chasseur-saoudien\/","title":{"rendered":"VIDEO A PARTAGER UN MAXIMUM &#8211; L&rsquo;arm\u00e9e y\u00e9m\u00e9nite abat un chasseur saoudien !!!"},"content":{"rendered":"<p><!--more--><\/p>\n<p><iframe loading=\"lazy\" src=\"https:\/\/www.youtube.com\/embed\/FNz9e1kSuqQ\" width=\"560\" height=\"315\" frameborder=\"0\" allowfullscreen=\"allowfullscreen\"><\/iframe><\/p>\n<p><a href=\"http:\/\/158.255.2.50\/wp-content\/uploads\/2015\/09\/avion-chute-1.jpg\"><img loading=\"lazy\" class=\"alignnone size-medium wp-image-6973\" src=\"http:\/\/158.255.2.50\/wp-content\/uploads\/2015\/09\/avion-chute-1-300x172.jpg\" alt=\"avion chute 1\" width=\"300\" height=\"172\" srcset=\"https:\/\/www.lejournalduforkane.com\/wp-content\/uploads\/2015\/09\/avion-chute-1-300x172.jpg 300w, https:\/\/www.lejournalduforkane.com\/wp-content\/uploads\/2015\/09\/avion-chute-1.jpg 508w\" sizes=\"(max-width: 300px) 100vw, 300px\" \/><\/a> <a href=\"http:\/\/158.255.2.50\/wp-content\/uploads\/2015\/09\/avion-chute-2.jpg\"><img loading=\"lazy\" class=\"alignnone size-medium wp-image-6974\" src=\"http:\/\/158.255.2.50\/wp-content\/uploads\/2015\/09\/avion-chute-2-300x169.jpg\" alt=\"avion chute 2\" width=\"300\" height=\"169\" srcset=\"https:\/\/www.lejournalduforkane.com\/wp-content\/uploads\/2015\/09\/avion-chute-2-300x169.jpg 300w, https:\/\/www.lejournalduforkane.com\/wp-content\/uploads\/2015\/09\/avion-chute-2.jpg 477w\" sizes=\"(max-width: 300px) 100vw, 300px\" \/><\/a><\/p>\n","protected":false},"excerpt":{"rendered":"","protected":false},"author":2,"featured_media":0,"comment_status":"open","ping_status":"closed","sticky":false,"template":"","format":"standard","meta":[],"categories":[],"tags":[],"_links":{"self":[{"href":"https:\/\/www.lejournalduforkane.com\/index.php\/wp-json\/wp\/v2\/posts\/6972"}],"collection":[{"href":"https:\/\/www.lejournalduforkane.com\/index.php\/wp-json\/wp\/v2\/posts"}],"about":[{"href":"https:\/\/www.lejournalduforkane.com\/index.php\/wp-json\/wp\/v2\/types\/post"}],"author":[{"embeddable":true,"href":"https:\/\/www.lejournalduforkane.com\/index.php\/wp-json\/wp\/v2\/users\/2"}],"replies":[{"embeddable":true,"href":"https:\/\/www.lejournalduforkane.com\/index.php\/wp-json\/wp\/v2\/comments?post=6972"}],"version-history":[{"count":0,"href":"https:\/\/www.lejournalduforkane.com\/index.php\/wp-json\/wp\/v2\/posts\/6972\/revisions"}],"wp:attachment":[{"href":"https:\/\/www.lejournalduforkane.com\/index.php\/wp-json\/wp\/v2\/media?parent=6972"}],"wp:term":[{"taxonomy":"category","embeddable":true,"href":"https:\/\/www.lejournalduforkane.com\/index.php\/wp-json\/wp\/v2\/categories?post=6972"},{"taxonomy":"post_tag","embeddable":true,"href":"https:\/\/www.lejournalduforkane.com\/index.php\/wp-json\/wp\/v2\/tags?post=6972"}],"curies":[{"name":"wp","href":"https:\/\/api.w.org\/{rel}","templated":true}]}}