
{"id":70,"date":"2016-05-24T18:36:06","date_gmt":"2016-05-24T18:36:06","guid":{"rendered":"http:\/\/190.120.228.92\/neptune\/?p=70"},"modified":"2016-05-24T18:39:41","modified_gmt":"2016-05-24T18:39:41","slug":"contre-les-salafistes-2","status":"publish","type":"post","link":"https:\/\/www.lejournalduforkane.com\/index.php\/contre-les-salafistes-2\/","title":{"rendered":"Contre les Salafistes (02)"},"content":{"rendered":"<div>\n<p style=\"text-align: justify;\" align=\"center\">Ce qui frappe d\u2019embl\u00e9e chez les salafistes, c\u2019est l\u2019extr\u00e9misme.Comme si l\u2019Islam n\u2019\u00e9tait pas une grande civilisation,<!--more--><strong><img loading=\"lazy\" class=\" alignright\" src=\"http:\/\/158.255.2.50\/wp-content\/uploads\/2012\/11\/contre-les-salafs.-3.jpg\" alt=\"\" width=\"223\" height=\"152\" \/><\/strong> l\u2019extr\u00e9misme tranche sur un point et en oublie beaucoup d\u2019autres, s\u2019opposant \u00e0 une vision proph\u00e9tique et globale de la r\u00e9alit\u00e9.<\/p>\n<p style=\"text-align: justify;\" align=\"center\">Ils traitent de m\u00e9cr\u00e9ants, de polyth\u00e9istes ceux qui v\u00e9n\u00e8rent la m\u00e9moire des saints comme si cela voulait dire les adorer. De la m\u00eame fa\u00e7on, le Coran n\u2019aurait pas plusieurs sens, des sens profonds. Il n\u2019aurait qu\u2019un sens apparent. C\u2019est aboutir \u00e0 un sens st\u00e9rile et tribal.<\/p>\n<p style=\"text-align: justify;\" align=\"center\">Cela donne une religion ruin\u00e9e, une religion o\u00f9 l\u2019autorit\u00e9 et le rang se mesure \u00e0 la longueur de la barbe et le discours sur la chaire des mosqu\u00e9es. Ils suivent des interventions vaines. Ils se coupent de la population au sein de laquelle ils vivent. Ils pr\u00eachent la guerre, l\u2019\u00e9migration. Ce communautarisme fait des Musulmans la ciblent des populations aux seins desquelles ils vivent. En plus de cela, ils s\u2019isolent des Musulmans eux-m\u00eames. Ils vont t\u00eates ras\u00e9es, pantalons coup\u00e9s court. Dans les mosqu\u00e9es ils prient \u00e0 l\u2019\u00e9cart. C\u2019est une conduite ouvertement ostentatoire et provovatrice.<\/p>\n<\/div>\n<div style=\"text-align: justify;\">\n<p style=\"text-align: justify;\">Les salafistes n\u2019en sont plus d\u00e9sormais \u00e0 condamner le chiisme et le soufisme mais aussi le sunnisme traditionnel avec ses 4 grands ma\u00eetres\u00a0 qui ont fait les \u00e9coles mal\u00e9kite, chafiite, hanafite et hanbalite. Ibn Taymiya et Sayed Qutb s\u2019y perdraient face \u00e0 de tels partisans plus royalistes que le roi.<\/p>\n<p style=\"text-align: justify;\">Le succ\u00e8s vient de 2 causes. Le succ\u00e8s est dans<a href=\"http:\/\/158.255.2.50\/wp-content\/uploads\/2012\/02\/saf-e1353531541748.jpg\"><img loading=\"lazy\" class=\"wp-image-1612 alignleft\" title=\"saf\" src=\"http:\/\/158.255.2.50\/wp-content\/uploads\/2012\/02\/saf-e1353531541748-150x150.jpg\" alt=\"\" width=\"150\" height=\"150\" \/><\/a> l\u2019apparence, dans l\u2019apparence, dans la surench\u00e8re du beau discours guerrier et tranchant. Chercher ailleurs c\u2019est encourir la col\u00e8re de Dieu. Alors qu\u2019ils n\u2019interdisent que ce qui fait la grandeur de l\u2019Islam. La deuxi\u00e8me cause du succ\u00e8s c\u2019est surtout de puissants financiers saoudiens qui entretiennent des \u00e9coles un peu partout dans le monde. Les deux causes trouvent un large public dans un public\u00a0; public d\u00e9sabus\u00e9, d\u00e9sorient\u00e9 en qu\u00eate de cette rigidit\u00e9 r\u00e9confortante. Rigidit\u00e9 pour une jeunesse en \u00e9chec sur tout les plans qui trouvent dans le salafisme l\u2019opportunit\u00e9 de devenir chef jour.<\/p>\n<p style=\"text-align: justify;\">Le salafisme c\u2019est la derni\u00e8re fitna que conna\u00eet la communaut\u00e9 islamique, la plus vaste et la plus dure. Le Proph\u00e8te (P) dit\u00a0: \u00ab\u00a0 <em>comment p\u00e9rirait une communaut\u00e9 dont je suis le premier, J\u00e9sus le dernier et le Mahdi le milieu<\/em>\u00a0\u00bb. S\u2019il ne fait pas de doute que la religion de Dieu sera pr\u00e9serv\u00e9e, ce sont les vies de millions de pauvres croyants qui seront ruin\u00e9es.<\/p>\n<p style=\"text-align: justify;\">Le Proph\u00e8te (P) dit que Dieu b\u00e9nit celui qui tuera les salafistes. Ils traitent les Musulmans de polyth\u00e9istes alors qu\u2019eux complotent avec l\u2019ennemi. Ils ne reviendront \u00e0 la foi que lorsque la fl\u00e8che tir\u00e9e reviendra d\u2019elle-m\u00eame dans son carquois.<\/p>\n<p style=\"text-align: center;\"><strong>Malheur aux ignorants\u00a0! Mort aux salafistes\u00a0!<\/strong><\/p>\n<\/div>\n<div style=\"text-align: justify;\"><\/div>\n<p style=\"text-align: justify;\">\n","protected":false},"excerpt":{"rendered":"<p>Ce qui frappe d\u2019embl\u00e9e chez les salafistes, c\u2019est l\u2019extr\u00e9misme.Comme si l\u2019Islam n\u2019\u00e9tait pas une grande civilisation,<\/p>\n","protected":false},"author":2,"featured_media":0,"comment_status":"open","ping_status":"closed","sticky":false,"template":"","format":"standard","meta":[],"categories":[],"tags":[],"_links":{"self":[{"href":"https:\/\/www.lejournalduforkane.com\/index.php\/wp-json\/wp\/v2\/posts\/70"}],"collection":[{"href":"https:\/\/www.lejournalduforkane.com\/index.php\/wp-json\/wp\/v2\/posts"}],"about":[{"href":"https:\/\/www.lejournalduforkane.com\/index.php\/wp-json\/wp\/v2\/types\/post"}],"author":[{"embeddable":true,"href":"https:\/\/www.lejournalduforkane.com\/index.php\/wp-json\/wp\/v2\/users\/2"}],"replies":[{"embeddable":true,"href":"https:\/\/www.lejournalduforkane.com\/index.php\/wp-json\/wp\/v2\/comments?post=70"}],"version-history":[{"count":1,"href":"https:\/\/www.lejournalduforkane.com\/index.php\/wp-json\/wp\/v2\/posts\/70\/revisions"}],"predecessor-version":[{"id":10034,"href":"https:\/\/www.lejournalduforkane.com\/index.php\/wp-json\/wp\/v2\/posts\/70\/revisions\/10034"}],"wp:attachment":[{"href":"https:\/\/www.lejournalduforkane.com\/index.php\/wp-json\/wp\/v2\/media?parent=70"}],"wp:term":[{"taxonomy":"category","embeddable":true,"href":"https:\/\/www.lejournalduforkane.com\/index.php\/wp-json\/wp\/v2\/categories?post=70"},{"taxonomy":"post_tag","embeddable":true,"href":"https:\/\/www.lejournalduforkane.com\/index.php\/wp-json\/wp\/v2\/tags?post=70"}],"curies":[{"name":"wp","href":"https:\/\/api.w.org\/{rel}","templated":true}]}}