
{"id":7003,"date":"2015-09-25T14:29:05","date_gmt":"2015-09-25T14:29:05","guid":{"rendered":"https:\/\/www.lejournalduforkane.com\/?p=7003"},"modified":"2015-09-25T14:29:05","modified_gmt":"2015-09-25T14:29:05","slug":"temoignage-exclusif-dun-survivant-iranien-present-hier-a-mina","status":"publish","type":"post","link":"https:\/\/www.lejournalduforkane.com\/index.php\/temoignage-exclusif-dun-survivant-iranien-present-hier-a-mina\/","title":{"rendered":"T\u00e9moignage exclusif d&rsquo;un survivant Iranien pr\u00e9sent hier \u00e0 Mina"},"content":{"rendered":"<p><!--more--><\/p>\n<p>\u00abIl a fallu 2 heures aux secouristes pour arriver sur les lieux du drame&#8230; les secouristes, qui \u00e9taient tr\u00e8s peu, ont commenc\u00e9 \u00e0 recueillir les cadavres au lieu de prendre soin des bless\u00e9s\u00a0\u00bb, a dit le survivant iranienne.<\/p>\n<p>Vous trouvez cette situation normale ?<\/p>\n<p><iframe loading=\"lazy\" src=\"https:\/\/www.youtube.com\/embed\/fhzXJstE51A\" width=\"560\" height=\"315\" frameborder=\"0\" allowfullscreen=\"allowfullscreen\"><\/iframe><\/p>\n<p><a href=\"http:\/\/158.255.2.50\/wp-content\/uploads\/2015\/09\/bousculade-7.jpg\"><img loading=\"lazy\" class=\"alignnone size-medium wp-image-7004\" src=\"http:\/\/158.255.2.50\/wp-content\/uploads\/2015\/09\/bousculade-7-300x168.jpg\" alt=\"bousculade 7\" width=\"300\" height=\"168\" srcset=\"https:\/\/www.lejournalduforkane.com\/wp-content\/uploads\/2015\/09\/bousculade-7-300x168.jpg 300w, https:\/\/www.lejournalduforkane.com\/wp-content\/uploads\/2015\/09\/bousculade-7.jpg 518w\" sizes=\"(max-width: 300px) 100vw, 300px\" \/><\/a><\/p>\n","protected":false},"excerpt":{"rendered":"\u00abIl a fallu 2 heures aux secouristes pour arriver sur les lieux du drame... les secouristes, qui \u00e9taient tr\u00e8s peu, ont commenc\u00e9 \u00e0 recueillir les cadavres au lieu de prendre","protected":false},"author":2,"featured_media":0,"comment_status":"open","ping_status":"closed","sticky":false,"template":"","format":"standard","meta":[],"categories":[],"tags":[],"_links":{"self":[{"href":"https:\/\/www.lejournalduforkane.com\/index.php\/wp-json\/wp\/v2\/posts\/7003"}],"collection":[{"href":"https:\/\/www.lejournalduforkane.com\/index.php\/wp-json\/wp\/v2\/posts"}],"about":[{"href":"https:\/\/www.lejournalduforkane.com\/index.php\/wp-json\/wp\/v2\/types\/post"}],"author":[{"embeddable":true,"href":"https:\/\/www.lejournalduforkane.com\/index.php\/wp-json\/wp\/v2\/users\/2"}],"replies":[{"embeddable":true,"href":"https:\/\/www.lejournalduforkane.com\/index.php\/wp-json\/wp\/v2\/comments?post=7003"}],"version-history":[{"count":0,"href":"https:\/\/www.lejournalduforkane.com\/index.php\/wp-json\/wp\/v2\/posts\/7003\/revisions"}],"wp:attachment":[{"href":"https:\/\/www.lejournalduforkane.com\/index.php\/wp-json\/wp\/v2\/media?parent=7003"}],"wp:term":[{"taxonomy":"category","embeddable":true,"href":"https:\/\/www.lejournalduforkane.com\/index.php\/wp-json\/wp\/v2\/categories?post=7003"},{"taxonomy":"post_tag","embeddable":true,"href":"https:\/\/www.lejournalduforkane.com\/index.php\/wp-json\/wp\/v2\/tags?post=7003"}],"curies":[{"name":"wp","href":"https:\/\/api.w.org\/{rel}","templated":true}]}}