
{"id":7006,"date":"2015-09-26T19:42:25","date_gmt":"2015-09-26T19:42:25","guid":{"rendered":"https:\/\/www.lejournalduforkane.com\/?p=7006"},"modified":"2015-09-26T19:42:25","modified_gmt":"2015-09-26T19:42:25","slug":"video-bousculade-a-la-mecque-aucune-aide-des-saoudiens","status":"publish","type":"post","link":"https:\/\/www.lejournalduforkane.com\/index.php\/video-bousculade-a-la-mecque-aucune-aide-des-saoudiens\/","title":{"rendered":"[VIDEO] Bousculade a la Mecque: aucune aide des saoudiens!"},"content":{"rendered":"<p><!--more-->Notre correspondant sur place rapporte que selon des t\u00e9moins, pendant des heures<a href=\"http:\/\/158.255.2.50\/wp-content\/uploads\/2015\/09\/bousculade-8.jpg\"><img loading=\"lazy\" class=\"  wp-image-7007 alignright\" src=\"http:\/\/158.255.2.50\/wp-content\/uploads\/2015\/09\/bousculade-8-171x300.jpg\" alt=\"bousculade 8\" width=\"131\" height=\"230\" srcset=\"https:\/\/www.lejournalduforkane.com\/wp-content\/uploads\/2015\/09\/bousculade-8-171x300.jpg 171w, https:\/\/www.lejournalduforkane.com\/wp-content\/uploads\/2015\/09\/bousculade-8.jpg 216w\" sizes=\"(max-width: 131px) 100vw, 131px\" \/><\/a> apr\u00e8s l&rsquo;incident \u00e0 la Mecque, il n&rsquo;y avait aucune aide de la part des saoudiens bien que certains p\u00e8lerins \u00e9taient encore en vie et auraient p\u00fbt \u00eatre sauv\u00e9 si les secours \u00e9taient venus \u00e0 temps !!!<\/p>\n<p>L\u2019Arabie maudite doit r\u00e9pondre devant les musulmans de cette trag\u00e9die, elle est responsable de ces morts aux yeux de dieu et du monde.<\/p>\n<p>MAUDITS SOIT LES TRA\u00ceTRES DES AL-SAOUDS<br \/>\n<iframe loading=\"lazy\" src=\"https:\/\/www.youtube.com\/embed\/10L2Rp_Eg6Q\" width=\"420\" height=\"315\" frameborder=\"0\" allowfullscreen=\"allowfullscreen\"><\/iframe><\/p>\n<p>&nbsp;<\/p>\n","protected":false},"excerpt":{"rendered":"Notre correspondant sur place rapporte que selon des t\u00e9moins, pendant des heures apr\u00e8s l'incident \u00e0 la Mecque, il n'y avait aucune aide de la part des saoudiens bien que certains","protected":false},"author":2,"featured_media":0,"comment_status":"open","ping_status":"closed","sticky":false,"template":"","format":"standard","meta":[],"categories":[],"tags":[],"_links":{"self":[{"href":"https:\/\/www.lejournalduforkane.com\/index.php\/wp-json\/wp\/v2\/posts\/7006"}],"collection":[{"href":"https:\/\/www.lejournalduforkane.com\/index.php\/wp-json\/wp\/v2\/posts"}],"about":[{"href":"https:\/\/www.lejournalduforkane.com\/index.php\/wp-json\/wp\/v2\/types\/post"}],"author":[{"embeddable":true,"href":"https:\/\/www.lejournalduforkane.com\/index.php\/wp-json\/wp\/v2\/users\/2"}],"replies":[{"embeddable":true,"href":"https:\/\/www.lejournalduforkane.com\/index.php\/wp-json\/wp\/v2\/comments?post=7006"}],"version-history":[{"count":0,"href":"https:\/\/www.lejournalduforkane.com\/index.php\/wp-json\/wp\/v2\/posts\/7006\/revisions"}],"wp:attachment":[{"href":"https:\/\/www.lejournalduforkane.com\/index.php\/wp-json\/wp\/v2\/media?parent=7006"}],"wp:term":[{"taxonomy":"category","embeddable":true,"href":"https:\/\/www.lejournalduforkane.com\/index.php\/wp-json\/wp\/v2\/categories?post=7006"},{"taxonomy":"post_tag","embeddable":true,"href":"https:\/\/www.lejournalduforkane.com\/index.php\/wp-json\/wp\/v2\/tags?post=7006"}],"curies":[{"name":"wp","href":"https:\/\/api.w.org\/{rel}","templated":true}]}}