
{"id":7011,"date":"2015-09-26T19:51:35","date_gmt":"2015-09-26T19:51:35","guid":{"rendered":"https:\/\/www.lejournalduforkane.com\/?p=7011"},"modified":"2015-09-26T19:51:35","modified_gmt":"2015-09-26T19:51:35","slug":"video-solidarite-des-iraniens-avec-les-pelerins-morts","status":"publish","type":"post","link":"https:\/\/www.lejournalduforkane.com\/index.php\/video-solidarite-des-iraniens-avec-les-pelerins-morts\/","title":{"rendered":"[VIDEO] Solidarit\u00e9 des Iraniens avec les p\u00e8lerins morts"},"content":{"rendered":"<p style=\"text-align: justify;\"><!--more-->Regarder les iraniens sortir dans les rues de T\u00e9h\u00e9ran dans une d\u00e9monstration de solidarit\u00e9 avec les p\u00e8lerins morts dans la bousculade le jour de l&rsquo;A\u00efd \u00e0 Mina. Les manifestants ont bl\u00e2mes le r\u00e9gime Saoudien pour son inaction !<\/p>\n<p><iframe loading=\"lazy\" src=\"https:\/\/www.youtube.com\/embed\/PY-zDw6bB3c\" width=\"560\" height=\"315\" frameborder=\"0\" allowfullscreen=\"allowfullscreen\"><\/iframe><\/p>\n<p><a href=\"http:\/\/158.255.2.50\/wp-content\/uploads\/2015\/09\/bousculade-9.jpg\"><img loading=\"lazy\" class=\"alignnone size-medium wp-image-7012\" src=\"http:\/\/158.255.2.50\/wp-content\/uploads\/2015\/09\/bousculade-9-300x210.jpg\" alt=\"bousculade 9\" width=\"300\" height=\"210\" srcset=\"https:\/\/www.lejournalduforkane.com\/wp-content\/uploads\/2015\/09\/bousculade-9-300x210.jpg 300w, https:\/\/www.lejournalduforkane.com\/wp-content\/uploads\/2015\/09\/bousculade-9.jpg 407w\" sizes=\"(max-width: 300px) 100vw, 300px\" \/><\/a><\/p>\n","protected":false},"excerpt":{"rendered":"Regarder les iraniens sortir dans les rues de T\u00e9h\u00e9ran dans une d\u00e9monstration de solidarit\u00e9 avec les p\u00e8lerins morts dans la bousculade le jour de l'A\u00efd \u00e0 Mina. Les manifestants ont","protected":false},"author":2,"featured_media":0,"comment_status":"open","ping_status":"closed","sticky":false,"template":"","format":"standard","meta":[],"categories":[],"tags":[],"_links":{"self":[{"href":"https:\/\/www.lejournalduforkane.com\/index.php\/wp-json\/wp\/v2\/posts\/7011"}],"collection":[{"href":"https:\/\/www.lejournalduforkane.com\/index.php\/wp-json\/wp\/v2\/posts"}],"about":[{"href":"https:\/\/www.lejournalduforkane.com\/index.php\/wp-json\/wp\/v2\/types\/post"}],"author":[{"embeddable":true,"href":"https:\/\/www.lejournalduforkane.com\/index.php\/wp-json\/wp\/v2\/users\/2"}],"replies":[{"embeddable":true,"href":"https:\/\/www.lejournalduforkane.com\/index.php\/wp-json\/wp\/v2\/comments?post=7011"}],"version-history":[{"count":0,"href":"https:\/\/www.lejournalduforkane.com\/index.php\/wp-json\/wp\/v2\/posts\/7011\/revisions"}],"wp:attachment":[{"href":"https:\/\/www.lejournalduforkane.com\/index.php\/wp-json\/wp\/v2\/media?parent=7011"}],"wp:term":[{"taxonomy":"category","embeddable":true,"href":"https:\/\/www.lejournalduforkane.com\/index.php\/wp-json\/wp\/v2\/categories?post=7011"},{"taxonomy":"post_tag","embeddable":true,"href":"https:\/\/www.lejournalduforkane.com\/index.php\/wp-json\/wp\/v2\/tags?post=7011"}],"curies":[{"name":"wp","href":"https:\/\/api.w.org\/{rel}","templated":true}]}}