
{"id":7069,"date":"2015-10-02T14:06:39","date_gmt":"2015-10-02T14:06:39","guid":{"rendered":"https:\/\/www.lejournalduforkane.com\/?p=7069"},"modified":"2015-10-02T14:06:39","modified_gmt":"2015-10-02T14:06:39","slug":"destruction-de-vehicules-blindes-saoudiens-fabrication-americaine-par-larmee-yemenite","status":"publish","type":"post","link":"https:\/\/www.lejournalduforkane.com\/index.php\/destruction-de-vehicules-blindes-saoudiens-fabrication-americaine-par-larmee-yemenite\/","title":{"rendered":"Destruction de v\u00e9hicules blind\u00e9s saoudiens (fabrication am\u00e9ricaine) par l&rsquo;arm\u00e9e Y\u00e9m\u00e9nite"},"content":{"rendered":"<p><!--more-->Destruction de v\u00e9hicules blind\u00e9s saoudiens (fabrication am\u00e9ricaine) par l&rsquo;arm\u00e9e Y\u00e9m\u00e9nite et les comit\u00e9s populaires \u00e0 Jizan (ville d&rsquo;Arabie saoudite, situ\u00e9e \u00e0 l&rsquo;extr\u00eame sud-ouest du pays sur les bords de la mer Rouge, dans la province de Jizan).<br \/>\n<iframe loading=\"lazy\" src=\"https:\/\/www.youtube.com\/embed\/v3H95Oni0GY\" width=\"420\" height=\"315\" frameborder=\"0\" allowfullscreen=\"allowfullscreen\"><\/iframe><\/p>\n<p><a href=\"http:\/\/158.255.2.50\/wp-content\/uploads\/2015\/10\/blind\u00e9-d\u00e9truit.jpg\"><img loading=\"lazy\" class=\"alignnone size-medium wp-image-7070\" src=\"http:\/\/158.255.2.50\/wp-content\/uploads\/2015\/10\/blind\u00e9-d\u00e9truit-300x196.jpg\" alt=\"blind\u00e9 d\u00e9truit\" width=\"300\" height=\"196\" srcset=\"https:\/\/www.lejournalduforkane.com\/wp-content\/uploads\/2015\/10\/blind\u00e9-d\u00e9truit-300x196.jpg 300w, https:\/\/www.lejournalduforkane.com\/wp-content\/uploads\/2015\/10\/blind\u00e9-d\u00e9truit.jpg 641w\" sizes=\"(max-width: 300px) 100vw, 300px\" \/><\/a><\/p>\n","protected":false},"excerpt":{"rendered":"Destruction de v\u00e9hicules blind\u00e9s saoudiens (fabrication am\u00e9ricaine) par l'arm\u00e9e Y\u00e9m\u00e9nite et les comit\u00e9s populaires \u00e0 Jizan (ville d'Arabie saoudite, situ\u00e9e \u00e0 l'extr\u00eame sud-ouest du pays sur les bords de la","protected":false},"author":2,"featured_media":0,"comment_status":"open","ping_status":"closed","sticky":false,"template":"","format":"standard","meta":[],"categories":[],"tags":[],"_links":{"self":[{"href":"https:\/\/www.lejournalduforkane.com\/index.php\/wp-json\/wp\/v2\/posts\/7069"}],"collection":[{"href":"https:\/\/www.lejournalduforkane.com\/index.php\/wp-json\/wp\/v2\/posts"}],"about":[{"href":"https:\/\/www.lejournalduforkane.com\/index.php\/wp-json\/wp\/v2\/types\/post"}],"author":[{"embeddable":true,"href":"https:\/\/www.lejournalduforkane.com\/index.php\/wp-json\/wp\/v2\/users\/2"}],"replies":[{"embeddable":true,"href":"https:\/\/www.lejournalduforkane.com\/index.php\/wp-json\/wp\/v2\/comments?post=7069"}],"version-history":[{"count":0,"href":"https:\/\/www.lejournalduforkane.com\/index.php\/wp-json\/wp\/v2\/posts\/7069\/revisions"}],"wp:attachment":[{"href":"https:\/\/www.lejournalduforkane.com\/index.php\/wp-json\/wp\/v2\/media?parent=7069"}],"wp:term":[{"taxonomy":"category","embeddable":true,"href":"https:\/\/www.lejournalduforkane.com\/index.php\/wp-json\/wp\/v2\/categories?post=7069"},{"taxonomy":"post_tag","embeddable":true,"href":"https:\/\/www.lejournalduforkane.com\/index.php\/wp-json\/wp\/v2\/tags?post=7069"}],"curies":[{"name":"wp","href":"https:\/\/api.w.org\/{rel}","templated":true}]}}