
{"id":7072,"date":"2015-10-03T11:03:43","date_gmt":"2015-10-03T11:03:43","guid":{"rendered":"https:\/\/www.lejournalduforkane.com\/?p=7072"},"modified":"2015-10-03T11:03:43","modified_gmt":"2015-10-03T11:03:43","slug":"en-images-rapatriement-des-premiers-corps-de-pelerins-iraniens-tues-lors-de-la-bousculade-a-mina-le-jour-de-laid","status":"publish","type":"post","link":"https:\/\/www.lejournalduforkane.com\/index.php\/en-images-rapatriement-des-premiers-corps-de-pelerins-iraniens-tues-lors-de-la-bousculade-a-mina-le-jour-de-laid\/","title":{"rendered":"En Images : Rapatriement des premiers corps de p\u00e8lerins iraniens tu\u00e9s lors de la bousculade \u00e0 Mina le jour de l&rsquo;A\u00efd"},"content":{"rendered":"<p><!--more--><\/p>\n<p><a href=\"http:\/\/158.255.2.50\/wp-content\/uploads\/2015\/10\/bousculade-mina-1.jpg\"><img loading=\"lazy\" class=\"alignnone size-medium wp-image-7073\" src=\"http:\/\/158.255.2.50\/wp-content\/uploads\/2015\/10\/bousculade-mina-1-300x209.jpg\" alt=\"bousculade mina 1\" width=\"300\" height=\"209\" srcset=\"https:\/\/www.lejournalduforkane.com\/wp-content\/uploads\/2015\/10\/bousculade-mina-1-300x209.jpg 300w, https:\/\/www.lejournalduforkane.com\/wp-content\/uploads\/2015\/10\/bousculade-mina-1-768x535.jpg 768w, https:\/\/www.lejournalduforkane.com\/wp-content\/uploads\/2015\/10\/bousculade-mina-1.jpg 800w\" sizes=\"(max-width: 300px) 100vw, 300px\" \/><\/a> <a href=\"http:\/\/158.255.2.50\/wp-content\/uploads\/2015\/10\/bousculade-mina-2.jpg\"><img loading=\"lazy\" class=\"alignnone size-medium wp-image-7074\" src=\"http:\/\/158.255.2.50\/wp-content\/uploads\/2015\/10\/bousculade-mina-2-300x209.jpg\" alt=\"bousculade mina 2\" width=\"300\" height=\"209\" srcset=\"https:\/\/www.lejournalduforkane.com\/wp-content\/uploads\/2015\/10\/bousculade-mina-2-300x209.jpg 300w, https:\/\/www.lejournalduforkane.com\/wp-content\/uploads\/2015\/10\/bousculade-mina-2-768x535.jpg 768w, https:\/\/www.lejournalduforkane.com\/wp-content\/uploads\/2015\/10\/bousculade-mina-2.jpg 800w\" sizes=\"(max-width: 300px) 100vw, 300px\" \/><\/a> <a href=\"http:\/\/158.255.2.50\/wp-content\/uploads\/2015\/10\/bousculade-mina-3.jpg\"><img loading=\"lazy\" class=\"alignnone size-medium wp-image-7075\" src=\"http:\/\/158.255.2.50\/wp-content\/uploads\/2015\/10\/bousculade-mina-3-300x209.jpg\" alt=\"bousculade mina 3\" width=\"300\" height=\"209\" srcset=\"https:\/\/www.lejournalduforkane.com\/wp-content\/uploads\/2015\/10\/bousculade-mina-3-300x209.jpg 300w, https:\/\/www.lejournalduforkane.com\/wp-content\/uploads\/2015\/10\/bousculade-mina-3-768x535.jpg 768w, https:\/\/www.lejournalduforkane.com\/wp-content\/uploads\/2015\/10\/bousculade-mina-3.jpg 800w\" sizes=\"(max-width: 300px) 100vw, 300px\" \/><\/a> <a href=\"http:\/\/158.255.2.50\/wp-content\/uploads\/2015\/10\/bousculade-mina-4.jpg\"><img loading=\"lazy\" class=\"alignnone size-medium wp-image-7076\" src=\"http:\/\/158.255.2.50\/wp-content\/uploads\/2015\/10\/bousculade-mina-4-300x209.jpg\" alt=\"bousculade mina 4\" width=\"300\" height=\"209\" srcset=\"https:\/\/www.lejournalduforkane.com\/wp-content\/uploads\/2015\/10\/bousculade-mina-4-300x209.jpg 300w, https:\/\/www.lejournalduforkane.com\/wp-content\/uploads\/2015\/10\/bousculade-mina-4-768x535.jpg 768w, https:\/\/www.lejournalduforkane.com\/wp-content\/uploads\/2015\/10\/bousculade-mina-4.jpg 800w\" sizes=\"(max-width: 300px) 100vw, 300px\" \/><\/a>\u00a0 <a href=\"http:\/\/158.255.2.50\/wp-content\/uploads\/2015\/10\/bousculade-mina-6.jpg\"><img loading=\"lazy\" class=\"alignnone size-medium wp-image-7078\" src=\"http:\/\/158.255.2.50\/wp-content\/uploads\/2015\/10\/bousculade-mina-6-300x209.jpg\" alt=\"bousculade mina 6\" width=\"300\" height=\"209\" srcset=\"https:\/\/www.lejournalduforkane.com\/wp-content\/uploads\/2015\/10\/bousculade-mina-6-300x209.jpg 300w, https:\/\/www.lejournalduforkane.com\/wp-content\/uploads\/2015\/10\/bousculade-mina-6-768x535.jpg 768w, https:\/\/www.lejournalduforkane.com\/wp-content\/uploads\/2015\/10\/bousculade-mina-6.jpg 800w\" sizes=\"(max-width: 300px) 100vw, 300px\" \/><\/a> <a href=\"http:\/\/158.255.2.50\/wp-content\/uploads\/2015\/10\/bousculade-mina-7.jpg\"><img loading=\"lazy\" class=\"alignnone size-medium wp-image-7079\" src=\"http:\/\/158.255.2.50\/wp-content\/uploads\/2015\/10\/bousculade-mina-7-300x209.jpg\" alt=\"bousculade mina 7\" width=\"300\" height=\"209\" srcset=\"https:\/\/www.lejournalduforkane.com\/wp-content\/uploads\/2015\/10\/bousculade-mina-7-300x209.jpg 300w, https:\/\/www.lejournalduforkane.com\/wp-content\/uploads\/2015\/10\/bousculade-mina-7-768x535.jpg 768w, https:\/\/www.lejournalduforkane.com\/wp-content\/uploads\/2015\/10\/bousculade-mina-7.jpg 800w\" sizes=\"(max-width: 300px) 100vw, 300px\" \/><\/a> <a href=\"http:\/\/158.255.2.50\/wp-content\/uploads\/2015\/10\/bousculade-mina-8.jpg\"><img loading=\"lazy\" class=\"alignnone size-medium wp-image-7080\" src=\"http:\/\/158.255.2.50\/wp-content\/uploads\/2015\/10\/bousculade-mina-8-300x209.jpg\" alt=\"bousculade mina 8\" width=\"300\" height=\"209\" srcset=\"https:\/\/www.lejournalduforkane.com\/wp-content\/uploads\/2015\/10\/bousculade-mina-8-300x209.jpg 300w, https:\/\/www.lejournalduforkane.com\/wp-content\/uploads\/2015\/10\/bousculade-mina-8-768x535.jpg 768w, https:\/\/www.lejournalduforkane.com\/wp-content\/uploads\/2015\/10\/bousculade-mina-8.jpg 800w\" sizes=\"(max-width: 300px) 100vw, 300px\" \/><\/a> <a href=\"http:\/\/158.255.2.50\/wp-content\/uploads\/2015\/10\/bousculade-mina-9.jpg\"><img loading=\"lazy\" class=\"alignnone size-medium wp-image-7081\" src=\"http:\/\/158.255.2.50\/wp-content\/uploads\/2015\/10\/bousculade-mina-9-300x209.jpg\" alt=\"bousculade mina 9\" width=\"300\" height=\"209\" srcset=\"https:\/\/www.lejournalduforkane.com\/wp-content\/uploads\/2015\/10\/bousculade-mina-9-300x209.jpg 300w, https:\/\/www.lejournalduforkane.com\/wp-content\/uploads\/2015\/10\/bousculade-mina-9-768x535.jpg 768w, https:\/\/www.lejournalduforkane.com\/wp-content\/uploads\/2015\/10\/bousculade-mina-9.jpg 800w\" sizes=\"(max-width: 300px) 100vw, 300px\" \/><\/a><a href=\"http:\/\/158.255.2.50\/wp-content\/uploads\/2015\/10\/bousculade-mina-5.jpg\"><img loading=\"lazy\" class=\"alignnone size-medium wp-image-7077\" src=\"http:\/\/158.255.2.50\/wp-content\/uploads\/2015\/10\/bousculade-mina-5-300x209.jpg\" alt=\"bousculade mina 5\" width=\"300\" height=\"209\" srcset=\"https:\/\/www.lejournalduforkane.com\/wp-content\/uploads\/2015\/10\/bousculade-mina-5-300x209.jpg 300w, https:\/\/www.lejournalduforkane.com\/wp-content\/uploads\/2015\/10\/bousculade-mina-5-768x535.jpg 768w, https:\/\/www.lejournalduforkane.com\/wp-content\/uploads\/2015\/10\/bousculade-mina-5.jpg 800w\" sizes=\"(max-width: 300px) 100vw, 300px\" \/><\/a><\/p>\n","protected":false},"excerpt":{"rendered":"\u00a0","protected":false},"author":2,"featured_media":0,"comment_status":"open","ping_status":"closed","sticky":false,"template":"","format":"standard","meta":[],"categories":[],"tags":[],"_links":{"self":[{"href":"https:\/\/www.lejournalduforkane.com\/index.php\/wp-json\/wp\/v2\/posts\/7072"}],"collection":[{"href":"https:\/\/www.lejournalduforkane.com\/index.php\/wp-json\/wp\/v2\/posts"}],"about":[{"href":"https:\/\/www.lejournalduforkane.com\/index.php\/wp-json\/wp\/v2\/types\/post"}],"author":[{"embeddable":true,"href":"https:\/\/www.lejournalduforkane.com\/index.php\/wp-json\/wp\/v2\/users\/2"}],"replies":[{"embeddable":true,"href":"https:\/\/www.lejournalduforkane.com\/index.php\/wp-json\/wp\/v2\/comments?post=7072"}],"version-history":[{"count":0,"href":"https:\/\/www.lejournalduforkane.com\/index.php\/wp-json\/wp\/v2\/posts\/7072\/revisions"}],"wp:attachment":[{"href":"https:\/\/www.lejournalduforkane.com\/index.php\/wp-json\/wp\/v2\/media?parent=7072"}],"wp:term":[{"taxonomy":"category","embeddable":true,"href":"https:\/\/www.lejournalduforkane.com\/index.php\/wp-json\/wp\/v2\/categories?post=7072"},{"taxonomy":"post_tag","embeddable":true,"href":"https:\/\/www.lejournalduforkane.com\/index.php\/wp-json\/wp\/v2\/tags?post=7072"}],"curies":[{"name":"wp","href":"https:\/\/api.w.org\/{rel}","templated":true}]}}