
{"id":7098,"date":"2015-10-05T05:32:55","date_gmt":"2015-10-05T05:32:55","guid":{"rendered":"https:\/\/www.lejournalduforkane.com\/?p=7098"},"modified":"2015-10-05T05:32:55","modified_gmt":"2015-10-05T05:32:55","slug":"limage-du-jour-une-iranienne-qui-a-perdu-son-mari-dans-la-bousculade-a-mina","status":"publish","type":"post","link":"https:\/\/www.lejournalduforkane.com\/index.php\/limage-du-jour-une-iranienne-qui-a-perdu-son-mari-dans-la-bousculade-a-mina\/","title":{"rendered":"L&rsquo;image du jour : Une Iranienne qui a perdu son mari dans la bousculade \u00e0 Mina"},"content":{"rendered":"<p style=\"text-align: justify;\"><!--more-->Une Iranienne qui a perdu son mari dans la bousculade \u00e0 Mina, de retour en Iran&#8230; A quoi pensez-vous lorsque vous voyez cette femme et vous avez un message \u00e0 transmettre \u00e0 ces enfants qui sont venus l&rsquo;accueillir ?<a href=\"http:\/\/158.255.2.50\/wp-content\/uploads\/2015\/10\/bousculade-mina-10.png\"><img loading=\"lazy\" class=\"alignnone size-medium wp-image-7099\" src=\"http:\/\/158.255.2.50\/wp-content\/uploads\/2015\/10\/bousculade-mina-10-300x181.png\" alt=\"bousculade mina 10\" width=\"300\" height=\"181\" srcset=\"https:\/\/www.lejournalduforkane.com\/wp-content\/uploads\/2015\/10\/bousculade-mina-10-300x181.png 300w, https:\/\/www.lejournalduforkane.com\/wp-content\/uploads\/2015\/10\/bousculade-mina-10.png 523w\" sizes=\"(max-width: 300px) 100vw, 300px\" \/><\/a><\/p>\n","protected":false},"excerpt":{"rendered":"Une Iranienne qui a perdu son mari dans la bousculade \u00e0 Mina, de retour en Iran... A quoi pensez-vous lorsque vous voyez cette femme et vous avez un message \u00e0","protected":false},"author":2,"featured_media":0,"comment_status":"open","ping_status":"closed","sticky":false,"template":"","format":"standard","meta":[],"categories":[],"tags":[],"_links":{"self":[{"href":"https:\/\/www.lejournalduforkane.com\/index.php\/wp-json\/wp\/v2\/posts\/7098"}],"collection":[{"href":"https:\/\/www.lejournalduforkane.com\/index.php\/wp-json\/wp\/v2\/posts"}],"about":[{"href":"https:\/\/www.lejournalduforkane.com\/index.php\/wp-json\/wp\/v2\/types\/post"}],"author":[{"embeddable":true,"href":"https:\/\/www.lejournalduforkane.com\/index.php\/wp-json\/wp\/v2\/users\/2"}],"replies":[{"embeddable":true,"href":"https:\/\/www.lejournalduforkane.com\/index.php\/wp-json\/wp\/v2\/comments?post=7098"}],"version-history":[{"count":0,"href":"https:\/\/www.lejournalduforkane.com\/index.php\/wp-json\/wp\/v2\/posts\/7098\/revisions"}],"wp:attachment":[{"href":"https:\/\/www.lejournalduforkane.com\/index.php\/wp-json\/wp\/v2\/media?parent=7098"}],"wp:term":[{"taxonomy":"category","embeddable":true,"href":"https:\/\/www.lejournalduforkane.com\/index.php\/wp-json\/wp\/v2\/categories?post=7098"},{"taxonomy":"post_tag","embeddable":true,"href":"https:\/\/www.lejournalduforkane.com\/index.php\/wp-json\/wp\/v2\/tags?post=7098"}],"curies":[{"name":"wp","href":"https:\/\/api.w.org\/{rel}","templated":true}]}}