
{"id":7221,"date":"2015-10-10T14:40:38","date_gmt":"2015-10-10T14:40:38","guid":{"rendered":"https:\/\/www.lejournalduforkane.com\/?p=7221"},"modified":"2017-01-21T17:32:50","modified_gmt":"2017-01-21T17:32:50","slug":"intifada-palestinienne-et-crimes-sionistes-en-serie-2","status":"publish","type":"post","link":"https:\/\/www.lejournalduforkane.com\/index.php\/intifada-palestinienne-et-crimes-sionistes-en-serie-2\/","title":{"rendered":"[VIDEO CHOC] Intifada palestinienne et crimes sioniste en s\u00e9rie"},"content":{"rendered":"<p style=\"text-align: justify;\"><!--more-->VID\u00c9O EXTR\u00caMEMENT VIOLENTE, \u00c2MES <a href=\"http:\/\/158.255.2.50\/wp-content\/uploads\/2015\/10\/femme-martyr.png\"><img loading=\"lazy\" class=\" wp-image-7224 alignright\" src=\"http:\/\/158.255.2.50\/wp-content\/uploads\/2015\/10\/femme-martyr-300x217.png\" alt=\"femme martyr\" width=\"191\" height=\"138\" srcset=\"https:\/\/www.lejournalduforkane.com\/wp-content\/uploads\/2015\/10\/femme-martyr-300x217.png 300w, https:\/\/www.lejournalduforkane.com\/wp-content\/uploads\/2015\/10\/femme-martyr.png 365w\" sizes=\"(max-width: 191px) 100vw, 191px\" \/><\/a>SENSIBLES S&rsquo;ABSTENIR.<\/p>\n<p style=\"text-align: justify;\">Notre correspondant nous envoie une vid\u00e9o film\u00e9e \u00e0 partir d&rsquo;un Smartphone. On y voit des militaires menacer une jeune femme palestinienne qui crie son innocence.<br \/>\nQuelques secondes plus tard un homme des forces sp\u00e9ciales isra\u00e9lienne s&rsquo;approche d&rsquo;elle et la tue \u00e0 bout portant.<\/p>\n<p style=\"text-align: justify;\">C&rsquo;EST QUE CETTE ARM\u00c9E N&rsquo;EN EST PAS UNE. CE SONT DES TRA\u00ceTRES QUI S&rsquo;EN PRENNENT EXCLUSIVEMENT A PLUS FAIBLE QU&rsquo;EUX<\/p>\n<p>D\u00e9non\u00e7ons les crimes de sionistes et tous solidaires avec la Palestine<br \/>\nLA 3EME INTIFADA EST LANC\u00c9E&#8230;..<br \/>\n<iframe loading=\"lazy\" src=\"https:\/\/www.youtube.com\/embed\/e0IqhQr-lkQ\" width=\"420\" height=\"315\" frameborder=\"0\" allowfullscreen=\"allowfullscreen\"><\/iframe><\/p>\n","protected":false},"excerpt":{"rendered":"VID\u00c9O EXTR\u00caMEMENT VIOLENTE, \u00c2MES SENSIBLES S'ABSTENIR. Notre correspondant nous envoie une vid\u00e9o film\u00e9e \u00e0 partir d'un Smartphone. On y voit des militaires menacer une jeune femme palestinienne qui crie son","protected":false},"author":2,"featured_media":0,"comment_status":"open","ping_status":"closed","sticky":false,"template":"","format":"standard","meta":[],"categories":[],"tags":[],"_links":{"self":[{"href":"https:\/\/www.lejournalduforkane.com\/index.php\/wp-json\/wp\/v2\/posts\/7221"}],"collection":[{"href":"https:\/\/www.lejournalduforkane.com\/index.php\/wp-json\/wp\/v2\/posts"}],"about":[{"href":"https:\/\/www.lejournalduforkane.com\/index.php\/wp-json\/wp\/v2\/types\/post"}],"author":[{"embeddable":true,"href":"https:\/\/www.lejournalduforkane.com\/index.php\/wp-json\/wp\/v2\/users\/2"}],"replies":[{"embeddable":true,"href":"https:\/\/www.lejournalduforkane.com\/index.php\/wp-json\/wp\/v2\/comments?post=7221"}],"version-history":[{"count":3,"href":"https:\/\/www.lejournalduforkane.com\/index.php\/wp-json\/wp\/v2\/posts\/7221\/revisions"}],"predecessor-version":[{"id":14846,"href":"https:\/\/www.lejournalduforkane.com\/index.php\/wp-json\/wp\/v2\/posts\/7221\/revisions\/14846"}],"wp:attachment":[{"href":"https:\/\/www.lejournalduforkane.com\/index.php\/wp-json\/wp\/v2\/media?parent=7221"}],"wp:term":[{"taxonomy":"category","embeddable":true,"href":"https:\/\/www.lejournalduforkane.com\/index.php\/wp-json\/wp\/v2\/categories?post=7221"},{"taxonomy":"post_tag","embeddable":true,"href":"https:\/\/www.lejournalduforkane.com\/index.php\/wp-json\/wp\/v2\/tags?post=7221"}],"curies":[{"name":"wp","href":"https:\/\/api.w.org\/{rel}","templated":true}]}}