
{"id":7284,"date":"2015-10-12T05:57:44","date_gmt":"2015-10-12T05:57:44","guid":{"rendered":"https:\/\/www.lejournalduforkane.com\/?p=7284"},"modified":"2015-10-12T05:57:44","modified_gmt":"2015-10-12T05:57:44","slug":"le-pere-de-la-martyr-rahaf-hassan-petite-fille-de-4-ans-faisant-un-dernier-adieu-a-sa-fille","status":"publish","type":"post","link":"https:\/\/www.lejournalduforkane.com\/index.php\/le-pere-de-la-martyr-rahaf-hassan-petite-fille-de-4-ans-faisant-un-dernier-adieu-a-sa-fille\/","title":{"rendered":"Le P\u00e8re de la Martyr Rahaf Hassan (petite fille de 4 ans) faisant un dernier adieu \u00e0 sa fille."},"content":{"rendered":"<p><!--more--><\/p>\n<p>Que fait la communaut\u00e9 internationale ? Que font les Arabes ?<\/p>\n<p>Rien&#8230;.<\/p>\n<p>Le P\u00e8re de la Martyr Rahaf Hassan (petite fille de 4 ans) faisant un dernier adieu \u00e0 sa fille.<br \/>\n<iframe loading=\"lazy\" src=\"https:\/\/www.youtube.com\/embed\/msJR5B9s8fo\" width=\"420\" height=\"315\" frameborder=\"0\" allowfullscreen=\"allowfullscreen\"><\/iframe><\/p>\n<p><a href=\"http:\/\/158.255.2.50\/wp-content\/uploads\/2015\/10\/enfant-martyr.jpg\"><img loading=\"lazy\" class=\"alignnone size-medium wp-image-7285\" src=\"http:\/\/158.255.2.50\/wp-content\/uploads\/2015\/10\/enfant-martyr-300x219.jpg\" alt=\"enfant martyr\" width=\"300\" height=\"219\" srcset=\"https:\/\/www.lejournalduforkane.com\/wp-content\/uploads\/2015\/10\/enfant-martyr-300x219.jpg 300w, https:\/\/www.lejournalduforkane.com\/wp-content\/uploads\/2015\/10\/enfant-martyr.jpg 514w\" sizes=\"(max-width: 300px) 100vw, 300px\" \/><\/a><\/p>\n","protected":false},"excerpt":{"rendered":"Que fait la communaut\u00e9 internationale ? Que font les Arabes ? Rien.... Le P\u00e8re de la Martyr Rahaf Hassan (petite fille de 4 ans) faisant un dernier adieu \u00e0 sa","protected":false},"author":2,"featured_media":0,"comment_status":"open","ping_status":"closed","sticky":false,"template":"","format":"standard","meta":[],"categories":[],"tags":[],"_links":{"self":[{"href":"https:\/\/www.lejournalduforkane.com\/index.php\/wp-json\/wp\/v2\/posts\/7284"}],"collection":[{"href":"https:\/\/www.lejournalduforkane.com\/index.php\/wp-json\/wp\/v2\/posts"}],"about":[{"href":"https:\/\/www.lejournalduforkane.com\/index.php\/wp-json\/wp\/v2\/types\/post"}],"author":[{"embeddable":true,"href":"https:\/\/www.lejournalduforkane.com\/index.php\/wp-json\/wp\/v2\/users\/2"}],"replies":[{"embeddable":true,"href":"https:\/\/www.lejournalduforkane.com\/index.php\/wp-json\/wp\/v2\/comments?post=7284"}],"version-history":[{"count":0,"href":"https:\/\/www.lejournalduforkane.com\/index.php\/wp-json\/wp\/v2\/posts\/7284\/revisions"}],"wp:attachment":[{"href":"https:\/\/www.lejournalduforkane.com\/index.php\/wp-json\/wp\/v2\/media?parent=7284"}],"wp:term":[{"taxonomy":"category","embeddable":true,"href":"https:\/\/www.lejournalduforkane.com\/index.php\/wp-json\/wp\/v2\/categories?post=7284"},{"taxonomy":"post_tag","embeddable":true,"href":"https:\/\/www.lejournalduforkane.com\/index.php\/wp-json\/wp\/v2\/tags?post=7284"}],"curies":[{"name":"wp","href":"https:\/\/api.w.org\/{rel}","templated":true}]}}