
{"id":7309,"date":"2016-05-06T18:33:12","date_gmt":"2016-05-06T18:33:12","guid":{"rendered":"https:\/\/www.lejournalduforkane.com\/?p=7309"},"modified":"2016-05-06T18:36:47","modified_gmt":"2016-05-06T18:36:47","slug":"video-du-yemen-a-la-bande-de-gaza","status":"publish","type":"post","link":"https:\/\/www.lejournalduforkane.com\/index.php\/video-du-yemen-a-la-bande-de-gaza\/","title":{"rendered":"[Vid\u00e9o] Du Y\u00e9men \u00e0 la bande de Gaza"},"content":{"rendered":"<p><!--more--><span id=\"fbPhotoPageCaption\" class=\"fbPhotosPhotoCaption\" tabindex=\"0\" data-ft=\"{&quot;tn&quot;:&quot;*G&quot;,&quot;type&quot;:45}\"><span class=\"hasCaption\">Les tueurs de Musulmans : l&rsquo;Arabie Saoudite et Isra\u00ebl tuent les populations du Y\u00e9men et de la bande de Gaza. Ces deux r\u00e9gimes terroristes n&rsquo;ont qu&rsquo;un seul : la destruction de l&rsquo;islam.<\/span><\/span><br \/>\n<iframe loading=\"lazy\" src=\"https:\/\/www.youtube.com\/embed\/w_3wFIRLvRg\" width=\"560\" height=\"315\" frameborder=\"0\" allowfullscreen=\"allowfullscreen\"><\/iframe><\/p>\n<p><a href=\"http:\/\/158.255.2.50\/wp-content\/uploads\/2015\/10\/gaza-au-y\u00e9men.jpg\"><img loading=\"lazy\" class=\"alignnone size-medium wp-image-7310\" src=\"http:\/\/158.255.2.50\/wp-content\/uploads\/2015\/10\/gaza-au-y\u00e9men-300x199.jpg\" alt=\"gaza au y\u00e9men\" width=\"300\" height=\"199\" srcset=\"https:\/\/www.lejournalduforkane.com\/wp-content\/uploads\/2015\/10\/gaza-au-y\u00e9men-300x199.jpg 300w, https:\/\/www.lejournalduforkane.com\/wp-content\/uploads\/2015\/10\/gaza-au-y\u00e9men-768x511.jpg 768w, https:\/\/www.lejournalduforkane.com\/wp-content\/uploads\/2015\/10\/gaza-au-y\u00e9men.jpg 782w\" sizes=\"(max-width: 300px) 100vw, 300px\" \/><\/a><\/p>\n","protected":false},"excerpt":{"rendered":"Les tueurs de Musulmans : l'Arabie Saoudite et Isra\u00ebl tuent les populations du Y\u00e9men et de la bande de Gaza. Ces deux r\u00e9gimes terroristes n'ont qu'un seul : la destruction","protected":false},"author":2,"featured_media":0,"comment_status":"open","ping_status":"closed","sticky":false,"template":"","format":"standard","meta":[],"categories":[],"tags":[],"_links":{"self":[{"href":"https:\/\/www.lejournalduforkane.com\/index.php\/wp-json\/wp\/v2\/posts\/7309"}],"collection":[{"href":"https:\/\/www.lejournalduforkane.com\/index.php\/wp-json\/wp\/v2\/posts"}],"about":[{"href":"https:\/\/www.lejournalduforkane.com\/index.php\/wp-json\/wp\/v2\/types\/post"}],"author":[{"embeddable":true,"href":"https:\/\/www.lejournalduforkane.com\/index.php\/wp-json\/wp\/v2\/users\/2"}],"replies":[{"embeddable":true,"href":"https:\/\/www.lejournalduforkane.com\/index.php\/wp-json\/wp\/v2\/comments?post=7309"}],"version-history":[{"count":1,"href":"https:\/\/www.lejournalduforkane.com\/index.php\/wp-json\/wp\/v2\/posts\/7309\/revisions"}],"predecessor-version":[{"id":10781,"href":"https:\/\/www.lejournalduforkane.com\/index.php\/wp-json\/wp\/v2\/posts\/7309\/revisions\/10781"}],"wp:attachment":[{"href":"https:\/\/www.lejournalduforkane.com\/index.php\/wp-json\/wp\/v2\/media?parent=7309"}],"wp:term":[{"taxonomy":"category","embeddable":true,"href":"https:\/\/www.lejournalduforkane.com\/index.php\/wp-json\/wp\/v2\/categories?post=7309"},{"taxonomy":"post_tag","embeddable":true,"href":"https:\/\/www.lejournalduforkane.com\/index.php\/wp-json\/wp\/v2\/tags?post=7309"}],"curies":[{"name":"wp","href":"https:\/\/api.w.org\/{rel}","templated":true}]}}