
{"id":7318,"date":"2015-10-12T15:04:08","date_gmt":"2015-10-12T15:04:08","guid":{"rendered":"https:\/\/www.lejournalduforkane.com\/?p=7318"},"modified":"2017-01-21T19:21:34","modified_gmt":"2017-01-21T19:21:34","slug":"affrontements-entre-les-courageux-palestiniens-et-les-forces-doccupation-israelienne","status":"publish","type":"post","link":"https:\/\/www.lejournalduforkane.com\/index.php\/affrontements-entre-les-courageux-palestiniens-et-les-forces-doccupation-israelienne\/","title":{"rendered":"Affrontements entre les courageux Palestiniens et les forces d&rsquo;occupation isra\u00e9lienne"},"content":{"rendered":"<p><!--more--><\/p>\n<p>[Vid\u00e9o] Affrontements entre les courageux Palestiniens et les forces d&rsquo;occupation isra\u00e9lienne.<br \/>\nOn voit les jeunes Palestiniens tent\u00e9s d&rsquo;ouvrir une br\u00e8che dans le mur pr\u00e8s de l&rsquo;universit\u00e9 de J\u00e9rusalem, dans la ville d&rsquo;ABU DISS pr\u00e8s de J\u00e9rusalem-AlQods.<\/p>\n<p><iframe loading=\"lazy\" src=\"https:\/\/www.youtube.com\/embed\/tmXOpSKAQ3U\" width=\"560\" height=\"315\" frameborder=\"0\" allowfullscreen=\"allowfullscreen\"><\/iframe><\/p>\n<p><a href=\"http:\/\/158.255.2.50\/wp-content\/uploads\/2015\/10\/jet-de-pierre.jpg\"><img loading=\"lazy\" class=\"alignnone size-medium wp-image-7334\" src=\"http:\/\/158.255.2.50\/wp-content\/uploads\/2015\/10\/jet-de-pierre-300x225.jpg\" alt=\"jet de pierre\" width=\"300\" height=\"225\" \/><\/a><\/p>\n<p><a href=\"http:\/\/158.255.2.50\/wp-content\/uploads\/2015\/10\/Capture1.png\"><img loading=\"lazy\" class=\"alignleft wp-image-7322 size-medium\" src=\"http:\/\/158.255.2.50\/wp-content\/uploads\/2015\/10\/Capture1-300x164.png\" alt=\"Capture\" width=\"300\" height=\"164\" srcset=\"https:\/\/www.lejournalduforkane.com\/wp-content\/uploads\/2015\/10\/Capture1-300x164.png 300w, https:\/\/www.lejournalduforkane.com\/wp-content\/uploads\/2015\/10\/Capture1-768x420.png 768w, https:\/\/www.lejournalduforkane.com\/wp-content\/uploads\/2015\/10\/Capture1.png 870w\" sizes=\"(max-width: 300px) 100vw, 300px\" \/><\/a><\/p>\n<p>&nbsp;<\/p>\n","protected":false},"excerpt":{"rendered":"[Vid\u00e9o] Affrontements entre les courageux Palestiniens et les forces d'occupation isra\u00e9lienne. On voit les jeunes Palestiniens tent\u00e9s d'ouvrir une br\u00e8che dans le mur pr\u00e8s de l'universit\u00e9 de J\u00e9rusalem, dans la","protected":false},"author":2,"featured_media":0,"comment_status":"open","ping_status":"closed","sticky":false,"template":"","format":"standard","meta":[],"categories":[],"tags":[],"_links":{"self":[{"href":"https:\/\/www.lejournalduforkane.com\/index.php\/wp-json\/wp\/v2\/posts\/7318"}],"collection":[{"href":"https:\/\/www.lejournalduforkane.com\/index.php\/wp-json\/wp\/v2\/posts"}],"about":[{"href":"https:\/\/www.lejournalduforkane.com\/index.php\/wp-json\/wp\/v2\/types\/post"}],"author":[{"embeddable":true,"href":"https:\/\/www.lejournalduforkane.com\/index.php\/wp-json\/wp\/v2\/users\/2"}],"replies":[{"embeddable":true,"href":"https:\/\/www.lejournalduforkane.com\/index.php\/wp-json\/wp\/v2\/comments?post=7318"}],"version-history":[{"count":1,"href":"https:\/\/www.lejournalduforkane.com\/index.php\/wp-json\/wp\/v2\/posts\/7318\/revisions"}],"predecessor-version":[{"id":14948,"href":"https:\/\/www.lejournalduforkane.com\/index.php\/wp-json\/wp\/v2\/posts\/7318\/revisions\/14948"}],"wp:attachment":[{"href":"https:\/\/www.lejournalduforkane.com\/index.php\/wp-json\/wp\/v2\/media?parent=7318"}],"wp:term":[{"taxonomy":"category","embeddable":true,"href":"https:\/\/www.lejournalduforkane.com\/index.php\/wp-json\/wp\/v2\/categories?post=7318"},{"taxonomy":"post_tag","embeddable":true,"href":"https:\/\/www.lejournalduforkane.com\/index.php\/wp-json\/wp\/v2\/tags?post=7318"}],"curies":[{"name":"wp","href":"https:\/\/api.w.org\/{rel}","templated":true}]}}