
{"id":7324,"date":"2015-10-12T15:33:43","date_gmt":"2015-10-12T15:33:43","guid":{"rendered":"https:\/\/www.lejournalduforkane.com\/?p=7324"},"modified":"2015-10-12T15:33:43","modified_gmt":"2015-10-12T15:33:43","slug":"le-reporter-dal-jazeera-elias-karam-se-fait-chasser-par-les-palestiniens","status":"publish","type":"post","link":"https:\/\/www.lejournalduforkane.com\/index.php\/le-reporter-dal-jazeera-elias-karam-se-fait-chasser-par-les-palestiniens\/","title":{"rendered":"Le reporter d&rsquo;Al jazeera Elias Karam se fait chasser par les Palestiniens"},"content":{"rendered":"<p><!--more--><\/p>\n<p>[Vid\u00e9o] Le reporter d&rsquo;Al jazeera Elias Karam se fait chasser par les Palestiniens.<br \/>\nAl Jazeera pr\u00e9f\u00e8re consacrer son temps \u00e0 appuyer l\u2019opposition en Syrie et \u00e0 inciter la population contre le r\u00e9gime l\u00e0 bas, en d\u00e9pit des r\u00e9formes effectu\u00e9es par le pr\u00e9sident syrien. Les pr\u00e9sentateurs des nouvelles passent leur temps \u00e0 pousser les opposants \u00e0 descendre dans la rue et \u00e0 ne pas c\u00e9der au r\u00e9gime de Bachar al Assad\u2026<br \/>\nA lire notre article : Al Jazeera, la cha\u00eene du grand Satan : https:\/\/www.lejournalduforkane.com\/al-jazeera-la-chaine-du-grand-satan\/<\/p>\n<p><iframe loading=\"lazy\" src=\"https:\/\/www.youtube.com\/embed\/4wc0A1pdLgE\" width=\"560\" height=\"315\" frameborder=\"0\" allowfullscreen=\"allowfullscreen\"><\/iframe><\/p>\n<p><a href=\"http:\/\/158.255.2.50\/wp-content\/uploads\/2015\/10\/Capture2.png\"><img loading=\"lazy\" class=\"alignleft wp-image-7325 size-medium\" src=\"http:\/\/158.255.2.50\/wp-content\/uploads\/2015\/10\/Capture2-300x164.png\" alt=\"Capture\" width=\"300\" height=\"164\" srcset=\"https:\/\/www.lejournalduforkane.com\/wp-content\/uploads\/2015\/10\/Capture2-300x164.png 300w, https:\/\/www.lejournalduforkane.com\/wp-content\/uploads\/2015\/10\/Capture2-768x420.png 768w, https:\/\/www.lejournalduforkane.com\/wp-content\/uploads\/2015\/10\/Capture2.png 874w\" sizes=\"(max-width: 300px) 100vw, 300px\" \/><\/a><\/p>\n","protected":false},"excerpt":{"rendered":"[Vid\u00e9o] Le reporter d'Al jazeera Elias Karam se fait chasser par les Palestiniens. Al Jazeera pr\u00e9f\u00e8re consacrer son temps \u00e0 appuyer l\u2019opposition en Syrie et \u00e0 inciter la population contre","protected":false},"author":2,"featured_media":0,"comment_status":"open","ping_status":"closed","sticky":false,"template":"","format":"standard","meta":[],"categories":[],"tags":[],"_links":{"self":[{"href":"https:\/\/www.lejournalduforkane.com\/index.php\/wp-json\/wp\/v2\/posts\/7324"}],"collection":[{"href":"https:\/\/www.lejournalduforkane.com\/index.php\/wp-json\/wp\/v2\/posts"}],"about":[{"href":"https:\/\/www.lejournalduforkane.com\/index.php\/wp-json\/wp\/v2\/types\/post"}],"author":[{"embeddable":true,"href":"https:\/\/www.lejournalduforkane.com\/index.php\/wp-json\/wp\/v2\/users\/2"}],"replies":[{"embeddable":true,"href":"https:\/\/www.lejournalduforkane.com\/index.php\/wp-json\/wp\/v2\/comments?post=7324"}],"version-history":[{"count":0,"href":"https:\/\/www.lejournalduforkane.com\/index.php\/wp-json\/wp\/v2\/posts\/7324\/revisions"}],"wp:attachment":[{"href":"https:\/\/www.lejournalduforkane.com\/index.php\/wp-json\/wp\/v2\/media?parent=7324"}],"wp:term":[{"taxonomy":"category","embeddable":true,"href":"https:\/\/www.lejournalduforkane.com\/index.php\/wp-json\/wp\/v2\/categories?post=7324"},{"taxonomy":"post_tag","embeddable":true,"href":"https:\/\/www.lejournalduforkane.com\/index.php\/wp-json\/wp\/v2\/tags?post=7324"}],"curies":[{"name":"wp","href":"https:\/\/api.w.org\/{rel}","templated":true}]}}