
{"id":7343,"date":"2015-10-13T06:22:33","date_gmt":"2015-10-13T06:22:33","guid":{"rendered":"https:\/\/www.lejournalduforkane.com\/?p=7343"},"modified":"2015-10-13T06:22:33","modified_gmt":"2015-10-13T06:22:33","slug":"urgent-intifada-images-de-notre-correspondant-a-la-frontiere-est-de-la-bande-de-gaza","status":"publish","type":"post","link":"https:\/\/www.lejournalduforkane.com\/index.php\/urgent-intifada-images-de-notre-correspondant-a-la-frontiere-est-de-la-bande-de-gaza\/","title":{"rendered":"Urgent Intifada: Images de notre correspondant \u00e0 la fronti\u00e8re Est de la bande de Gaza."},"content":{"rendered":"<p><!--more-->Photos de jeunes Palestiniens qui ont pass\u00e9 la barri\u00e8re de la fronti\u00e8re Est de la bande de Gaza.<br \/>\nCes images ont \u00e9t\u00e9 prises aujourd&rsquo;hui, on y voit les jeunes Palestiniens entrer dans les territoires occup\u00e9s de 48.<\/p>\n<p>LA 3EME INTIFADA EST LANC\u00c9E&#8230;<\/p>\n<p><a href=\"http:\/\/158.255.2.50\/wp-content\/uploads\/2015\/10\/intifada-21.jpg\"><img loading=\"lazy\" class=\"alignnone size-medium wp-image-7345\" src=\"http:\/\/158.255.2.50\/wp-content\/uploads\/2015\/10\/intifada-21-300x180.jpg\" alt=\"intifada 2\" width=\"300\" height=\"180\" \/><\/a> <a href=\"http:\/\/158.255.2.50\/wp-content\/uploads\/2015\/10\/intifada-31.jpg\"><img loading=\"lazy\" class=\"alignnone size-medium wp-image-7346\" src=\"http:\/\/158.255.2.50\/wp-content\/uploads\/2015\/10\/intifada-31-300x177.jpg\" alt=\"intifada 3\" width=\"300\" height=\"177\" \/><\/a> <a href=\"http:\/\/158.255.2.50\/wp-content\/uploads\/2015\/10\/intifada-41.jpg\"><img loading=\"lazy\" class=\"alignnone size-medium wp-image-7347\" src=\"http:\/\/158.255.2.50\/wp-content\/uploads\/2015\/10\/intifada-41-300x181.jpg\" alt=\"intifada 4\" width=\"300\" height=\"181\" \/><\/a><a href=\"http:\/\/158.255.2.50\/wp-content\/uploads\/2015\/10\/intifada-11.jpg\"><img loading=\"lazy\" class=\"alignnone size-medium wp-image-7344\" src=\"http:\/\/158.255.2.50\/wp-content\/uploads\/2015\/10\/intifada-11-300x179.jpg\" alt=\"intifada 1\" width=\"300\" height=\"179\" \/><\/a><\/p>\n","protected":false},"excerpt":{"rendered":"Photos de jeunes Palestiniens qui ont pass\u00e9 la barri\u00e8re de la fronti\u00e8re Est de la bande de Gaza. Ces images ont \u00e9t\u00e9 prises aujourd'hui, on y voit les jeunes Palestiniens","protected":false},"author":2,"featured_media":0,"comment_status":"open","ping_status":"closed","sticky":false,"template":"","format":"standard","meta":[],"categories":[],"tags":[],"_links":{"self":[{"href":"https:\/\/www.lejournalduforkane.com\/index.php\/wp-json\/wp\/v2\/posts\/7343"}],"collection":[{"href":"https:\/\/www.lejournalduforkane.com\/index.php\/wp-json\/wp\/v2\/posts"}],"about":[{"href":"https:\/\/www.lejournalduforkane.com\/index.php\/wp-json\/wp\/v2\/types\/post"}],"author":[{"embeddable":true,"href":"https:\/\/www.lejournalduforkane.com\/index.php\/wp-json\/wp\/v2\/users\/2"}],"replies":[{"embeddable":true,"href":"https:\/\/www.lejournalduforkane.com\/index.php\/wp-json\/wp\/v2\/comments?post=7343"}],"version-history":[{"count":0,"href":"https:\/\/www.lejournalduforkane.com\/index.php\/wp-json\/wp\/v2\/posts\/7343\/revisions"}],"wp:attachment":[{"href":"https:\/\/www.lejournalduforkane.com\/index.php\/wp-json\/wp\/v2\/media?parent=7343"}],"wp:term":[{"taxonomy":"category","embeddable":true,"href":"https:\/\/www.lejournalduforkane.com\/index.php\/wp-json\/wp\/v2\/categories?post=7343"},{"taxonomy":"post_tag","embeddable":true,"href":"https:\/\/www.lejournalduforkane.com\/index.php\/wp-json\/wp\/v2\/tags?post=7343"}],"curies":[{"name":"wp","href":"https:\/\/api.w.org\/{rel}","templated":true}]}}