
{"id":7371,"date":"2015-10-14T08:31:32","date_gmt":"2015-10-14T08:31:32","guid":{"rendered":"https:\/\/www.lejournalduforkane.com\/?p=7371"},"modified":"2016-08-28T14:21:18","modified_gmt":"2016-08-28T14:21:18","slug":"voici-les-dernieres-photos-de-notre-correspondant-a-beit-hanoun-au-nord-de-la-bande-de-gaza","status":"publish","type":"post","link":"https:\/\/www.lejournalduforkane.com\/index.php\/voici-les-dernieres-photos-de-notre-correspondant-a-beit-hanoun-au-nord-de-la-bande-de-gaza\/","title":{"rendered":"Voici les derni\u00e8res photos de notre correspondant \u00e0 Beit Hanoun, au nord de la bande de Gaza"},"content":{"rendered":"<p><!--more--><\/p>\n<p style=\"text-align: justify;\">Derni\u00e8re Nouvelle : la 3\u00e8me Intifada est lanc\u00e9e<br \/>\nVoici les derni\u00e8res photos de notre correspondant \u00e0 Beit Hanoun, au nord de la bande de Gaza.<\/p>\n<p style=\"text-align: justify;\">Les affrontements entre sionistes sanguinaires et r\u00e9sistant(e)s se poursuivent partout en Palestine (en terre occup\u00e9e comme \u00e0 Gaza) : ils ont peur du soul\u00e8vement magnifique de ce peuple qui refuse de courber l&rsquo;\u00e9chine devant l&rsquo;arrogance et la tyrannie sionistes.<br \/>\nNetanyahou et autres pro-sionistes qui le suivent en France et p<span class=\"text_exposed_show\">artout ailleurs en Occident parlent de terroristes aux couteaux alors qu&rsquo;il s&rsquo;agit d&rsquo;un peuple, d&rsquo;une jeunesse qui se soul\u00e8ve et veut obtenir son ind\u00e9pendance. Ces sionistes n&rsquo;auront plus le choix que de retourner chez eux.<\/span><\/p>\n<div class=\"text_exposed_show\">\n<p style=\"text-align: justify;\"><strong>LA PALESTINE LIBRE VAINCRA,<\/strong><br \/>\n<strong> AL-MAHDI VIENDRA, LE PLUS VITE POSSIBLE, POUR AIDER LES PALESTINIENS ET LES LIB\u00c9RER DU JOUG SIONISTE GR\u00c2CE A SON GRAND PROJET.<\/strong><\/p>\n<p style=\"text-align: justify;\">\u00a0<a href=\"http:\/\/158.255.2.50\/wp-content\/uploads\/2015\/10\/hanoun-2.jpg\"><img loading=\"lazy\" class=\"alignnone size-medium wp-image-7373\" src=\"http:\/\/158.255.2.50\/wp-content\/uploads\/2015\/10\/hanoun-2-300x182.jpg\" alt=\"hanoun 2\" width=\"300\" height=\"182\" \/><\/a> <a href=\"http:\/\/158.255.2.50\/wp-content\/uploads\/2015\/10\/hanoun-3.jpg\"><img loading=\"lazy\" class=\"alignnone size-medium wp-image-7374\" src=\"http:\/\/158.255.2.50\/wp-content\/uploads\/2015\/10\/hanoun-3-300x192.jpg\" alt=\"hanoun 3\" width=\"300\" height=\"192\" \/><\/a> <a href=\"http:\/\/158.255.2.50\/wp-content\/uploads\/2015\/10\/hanoun-4.jpg\"><img loading=\"lazy\" class=\"alignnone size-medium wp-image-7375\" src=\"http:\/\/158.255.2.50\/wp-content\/uploads\/2015\/10\/hanoun-4-300x205.jpg\" alt=\"hanoun 4\" width=\"300\" height=\"205\" \/><\/a> <a href=\"http:\/\/158.255.2.50\/wp-content\/uploads\/2015\/10\/hanoun-5.jpg\"><img loading=\"lazy\" class=\"alignnone size-medium wp-image-7376\" src=\"http:\/\/158.255.2.50\/wp-content\/uploads\/2015\/10\/hanoun-5-300x218.jpg\" alt=\"hanoun 5\" width=\"300\" height=\"218\" \/><\/a><a href=\"http:\/\/158.255.2.50\/wp-content\/uploads\/2015\/10\/hanoun-1.jpg\"><img loading=\"lazy\" class=\"alignnone size-medium wp-image-7372\" src=\"http:\/\/158.255.2.50\/wp-content\/uploads\/2015\/10\/hanoun-1-300x205.jpg\" alt=\"hanoun 1\" width=\"300\" height=\"205\" \/><\/a><\/p>\n<\/div>\n","protected":false},"excerpt":{"rendered":"Derni\u00e8re Nouvelle : la 3\u00e8me Intifada est lanc\u00e9e Voici les derni\u00e8res photos de notre correspondant \u00e0 Beit Hanoun, au nord de la bande de Gaza. Les affrontements entre sionistes sanguinaires","protected":false},"author":2,"featured_media":0,"comment_status":"open","ping_status":"closed","sticky":false,"template":"","format":"standard","meta":[],"categories":[],"tags":[],"_links":{"self":[{"href":"https:\/\/www.lejournalduforkane.com\/index.php\/wp-json\/wp\/v2\/posts\/7371"}],"collection":[{"href":"https:\/\/www.lejournalduforkane.com\/index.php\/wp-json\/wp\/v2\/posts"}],"about":[{"href":"https:\/\/www.lejournalduforkane.com\/index.php\/wp-json\/wp\/v2\/types\/post"}],"author":[{"embeddable":true,"href":"https:\/\/www.lejournalduforkane.com\/index.php\/wp-json\/wp\/v2\/users\/2"}],"replies":[{"embeddable":true,"href":"https:\/\/www.lejournalduforkane.com\/index.php\/wp-json\/wp\/v2\/comments?post=7371"}],"version-history":[{"count":1,"href":"https:\/\/www.lejournalduforkane.com\/index.php\/wp-json\/wp\/v2\/posts\/7371\/revisions"}],"predecessor-version":[{"id":12843,"href":"https:\/\/www.lejournalduforkane.com\/index.php\/wp-json\/wp\/v2\/posts\/7371\/revisions\/12843"}],"wp:attachment":[{"href":"https:\/\/www.lejournalduforkane.com\/index.php\/wp-json\/wp\/v2\/media?parent=7371"}],"wp:term":[{"taxonomy":"category","embeddable":true,"href":"https:\/\/www.lejournalduforkane.com\/index.php\/wp-json\/wp\/v2\/categories?post=7371"},{"taxonomy":"post_tag","embeddable":true,"href":"https:\/\/www.lejournalduforkane.com\/index.php\/wp-json\/wp\/v2\/tags?post=7371"}],"curies":[{"name":"wp","href":"https:\/\/api.w.org\/{rel}","templated":true}]}}