
{"id":7384,"date":"2015-10-14T16:46:14","date_gmt":"2015-10-14T16:46:14","guid":{"rendered":"https:\/\/www.lejournalduforkane.com\/?p=7384"},"modified":"2017-01-21T17:30:44","modified_gmt":"2017-01-21T17:30:44","slug":"photos-exclusives-de-notre-correspondant-a-bethleem","status":"publish","type":"post","link":"https:\/\/www.lejournalduforkane.com\/index.php\/photos-exclusives-de-notre-correspondant-a-bethleem\/","title":{"rendered":"Photos Exclusives de notre correspondant \u00e0 Bethl\u00e9em"},"content":{"rendered":"<p><!--more-->Affrontements entre les jeunes Palestiniens courageux et les forces d&rsquo;occupation isra\u00e9lienne dans la ville de Bethl\u00e9em aujourd&rsquo;hui.<\/p>\n<p>Transmettez un message \u00e0 ces jeunes Palestiniens !<\/p>\n<p><a href=\"http:\/\/158.255.2.50\/wp-content\/uploads\/2015\/10\/b\u00e9thl\u00e9hem-1.jpg\"><img loading=\"lazy\" class=\"alignnone size-medium wp-image-7385\" src=\"http:\/\/158.255.2.50\/wp-content\/uploads\/2015\/10\/b\u00e9thl\u00e9hem-1-300x201.jpg\" alt=\"b\u00e9thl\u00e9hem 1\" width=\"300\" height=\"201\" \/><\/a> <a href=\"http:\/\/158.255.2.50\/wp-content\/uploads\/2015\/10\/b\u00e9thl\u00e9hem-2.jpg\"><img loading=\"lazy\" class=\"alignnone size-medium wp-image-7386\" src=\"http:\/\/158.255.2.50\/wp-content\/uploads\/2015\/10\/b\u00e9thl\u00e9hem-2-300x201.jpg\" alt=\"b\u00e9thl\u00e9hem 2\" width=\"300\" height=\"201\" \/><\/a> <a href=\"http:\/\/158.255.2.50\/wp-content\/uploads\/2015\/10\/b\u00e9thl\u00e9hem-3.jpg\"><img loading=\"lazy\" class=\"alignnone size-medium wp-image-7387\" src=\"http:\/\/158.255.2.50\/wp-content\/uploads\/2015\/10\/b\u00e9thl\u00e9hem-3-300x202.jpg\" alt=\"b\u00e9thl\u00e9hem 3\" width=\"300\" height=\"202\" \/><\/a> <a href=\"http:\/\/158.255.2.50\/wp-content\/uploads\/2015\/10\/b\u00e9thl\u00e9hem-4.jpg\"><img loading=\"lazy\" class=\"alignnone size-medium wp-image-7388\" src=\"http:\/\/158.255.2.50\/wp-content\/uploads\/2015\/10\/b\u00e9thl\u00e9hem-4-300x201.jpg\" alt=\"b\u00e9thl\u00e9hem 4\" width=\"300\" height=\"201\" \/><\/a> <a href=\"http:\/\/158.255.2.50\/wp-content\/uploads\/2015\/10\/b\u00e9thl\u00e9hem-5.jpg\"><img loading=\"lazy\" class=\"alignnone size-medium wp-image-7389\" src=\"http:\/\/158.255.2.50\/wp-content\/uploads\/2015\/10\/b\u00e9thl\u00e9hem-5-300x202.jpg\" alt=\"b\u00e9thl\u00e9hem 5\" width=\"300\" height=\"202\" \/><\/a><\/p>\n","protected":false},"excerpt":{"rendered":"Affrontements entre les jeunes Palestiniens courageux et les forces d'occupation isra\u00e9lienne dans la ville de Bethl\u00e9em aujourd'hui. Transmettez un message \u00e0 ces jeunes Palestiniens !","protected":false},"author":2,"featured_media":0,"comment_status":"open","ping_status":"closed","sticky":false,"template":"","format":"standard","meta":[],"categories":[],"tags":[],"_links":{"self":[{"href":"https:\/\/www.lejournalduforkane.com\/index.php\/wp-json\/wp\/v2\/posts\/7384"}],"collection":[{"href":"https:\/\/www.lejournalduforkane.com\/index.php\/wp-json\/wp\/v2\/posts"}],"about":[{"href":"https:\/\/www.lejournalduforkane.com\/index.php\/wp-json\/wp\/v2\/types\/post"}],"author":[{"embeddable":true,"href":"https:\/\/www.lejournalduforkane.com\/index.php\/wp-json\/wp\/v2\/users\/2"}],"replies":[{"embeddable":true,"href":"https:\/\/www.lejournalduforkane.com\/index.php\/wp-json\/wp\/v2\/comments?post=7384"}],"version-history":[{"count":2,"href":"https:\/\/www.lejournalduforkane.com\/index.php\/wp-json\/wp\/v2\/posts\/7384\/revisions"}],"predecessor-version":[{"id":14837,"href":"https:\/\/www.lejournalduforkane.com\/index.php\/wp-json\/wp\/v2\/posts\/7384\/revisions\/14837"}],"wp:attachment":[{"href":"https:\/\/www.lejournalduforkane.com\/index.php\/wp-json\/wp\/v2\/media?parent=7384"}],"wp:term":[{"taxonomy":"category","embeddable":true,"href":"https:\/\/www.lejournalduforkane.com\/index.php\/wp-json\/wp\/v2\/categories?post=7384"},{"taxonomy":"post_tag","embeddable":true,"href":"https:\/\/www.lejournalduforkane.com\/index.php\/wp-json\/wp\/v2\/tags?post=7384"}],"curies":[{"name":"wp","href":"https:\/\/api.w.org\/{rel}","templated":true}]}}