
{"id":7400,"date":"2015-10-15T20:07:02","date_gmt":"2015-10-15T20:07:02","guid":{"rendered":"https:\/\/www.lejournalduforkane.com\/?p=7400"},"modified":"2015-10-15T20:07:02","modified_gmt":"2015-10-15T20:07:02","slug":"les-palestiniens-de-gaza-au-poste-de-controle-de-buraij-a-la-frontiere-avec-lentite-sioniste","status":"publish","type":"post","link":"https:\/\/www.lejournalduforkane.com\/index.php\/les-palestiniens-de-gaza-au-poste-de-controle-de-buraij-a-la-frontiere-avec-lentite-sioniste\/","title":{"rendered":"Les Palestiniens de Gaza au poste de contr\u00f4le de Buraij \u00e0 la fronti\u00e8re avec l&rsquo;entit\u00e9 sioniste"},"content":{"rendered":"<p><!--more--><\/p>\n<p>Regarder le courage de ces jeunes Palestiniens qui ne sont pas arm\u00e9s et qui n&rsquo;ont pas peur de l&rsquo;arm\u00e9e la plus cruelle du monde.<\/p>\n<p>Les palestiniens sont des h\u00e9ros, <span class=\"text_exposed_show\"><br \/>\nNous sommes tous avec vous.<\/span><\/p>\n<p><iframe loading=\"lazy\" src=\"https:\/\/www.youtube.com\/embed\/TqcHJkbX0VA\" width=\"560\" height=\"315\" frameborder=\"0\" allowfullscreen=\"allowfullscreen\"><\/iframe><\/p>\n<p><a href=\"http:\/\/158.255.2.50\/wp-content\/uploads\/2015\/10\/jet-de-pierre.JP_.jpg\"><img loading=\"lazy\" class=\"alignnone size-medium wp-image-7401\" src=\"http:\/\/158.255.2.50\/wp-content\/uploads\/2015\/10\/jet-de-pierre.JP_-300x161.jpg\" alt=\"jet de pierre.JP\" width=\"300\" height=\"161\" \/><\/a><\/p>\n","protected":false},"excerpt":{"rendered":"Regarder le courage de ces jeunes Palestiniens qui ne sont pas arm\u00e9s et qui n'ont pas peur de l'arm\u00e9e la plus cruelle du monde. Les palestiniens sont des h\u00e9ros, Nous","protected":false},"author":2,"featured_media":0,"comment_status":"open","ping_status":"closed","sticky":false,"template":"","format":"standard","meta":[],"categories":[],"tags":[],"_links":{"self":[{"href":"https:\/\/www.lejournalduforkane.com\/index.php\/wp-json\/wp\/v2\/posts\/7400"}],"collection":[{"href":"https:\/\/www.lejournalduforkane.com\/index.php\/wp-json\/wp\/v2\/posts"}],"about":[{"href":"https:\/\/www.lejournalduforkane.com\/index.php\/wp-json\/wp\/v2\/types\/post"}],"author":[{"embeddable":true,"href":"https:\/\/www.lejournalduforkane.com\/index.php\/wp-json\/wp\/v2\/users\/2"}],"replies":[{"embeddable":true,"href":"https:\/\/www.lejournalduforkane.com\/index.php\/wp-json\/wp\/v2\/comments?post=7400"}],"version-history":[{"count":0,"href":"https:\/\/www.lejournalduforkane.com\/index.php\/wp-json\/wp\/v2\/posts\/7400\/revisions"}],"wp:attachment":[{"href":"https:\/\/www.lejournalduforkane.com\/index.php\/wp-json\/wp\/v2\/media?parent=7400"}],"wp:term":[{"taxonomy":"category","embeddable":true,"href":"https:\/\/www.lejournalduforkane.com\/index.php\/wp-json\/wp\/v2\/categories?post=7400"},{"taxonomy":"post_tag","embeddable":true,"href":"https:\/\/www.lejournalduforkane.com\/index.php\/wp-json\/wp\/v2\/tags?post=7400"}],"curies":[{"name":"wp","href":"https:\/\/api.w.org\/{rel}","templated":true}]}}