
{"id":7404,"date":"2015-10-16T14:09:42","date_gmt":"2015-10-16T14:09:42","guid":{"rendered":"https:\/\/www.lejournalduforkane.com\/?p=7404"},"modified":"2017-01-21T17:30:28","modified_gmt":"2017-01-21T17:30:28","slug":"video-une-cinquantaine-denfants-palestiniens-blesses","status":"publish","type":"post","link":"https:\/\/www.lejournalduforkane.com\/index.php\/video-une-cinquantaine-denfants-palestiniens-blesses\/","title":{"rendered":"[Vid\u00e9o] Une cinquantaine d&rsquo;enfants palestiniens bless\u00e9s"},"content":{"rendered":"<p><!--more--><\/p>\n<p>\u2022 Plus 50 enfants palestiniens ont \u00e9t\u00e9 bless\u00e9s par les forces d&rsquo;occupation isra\u00e9lienne cette semaine.<br \/>\n\u2022 Depuis l&rsquo;hiver 2000, les forces ont tu\u00e9s 2 000 enfants Palestiniens.<br \/>\n\u2022 Chaque ann\u00e9e, 500 \u00e0 700 enfants palestiniens sont arr\u00eat\u00e9s et poursuivis syst\u00e9matiquement devant un tribunal militaire isra\u00e9lien !<\/p>\n<p><iframe loading=\"lazy\" src=\"https:\/\/www.youtube.com\/embed\/Jdx3L8RLdGg\" width=\"560\" height=\"315\" frameborder=\"0\" allowfullscreen=\"allowfullscreen\"><\/iframe><\/p>\n<p><a href=\"http:\/\/158.255.2.50\/wp-content\/uploads\/2015\/10\/Capture6.png\"><img loading=\"lazy\" class=\"alignnone size-medium wp-image-7405\" src=\"http:\/\/158.255.2.50\/wp-content\/uploads\/2015\/10\/Capture6-300x173.png\" alt=\"Capture\" width=\"300\" height=\"173\" \/><\/a><\/p>\n","protected":false},"excerpt":{"rendered":"\u2022 Plus 50 enfants palestiniens ont \u00e9t\u00e9 bless\u00e9s par les forces d'occupation isra\u00e9lienne cette semaine. \u2022 Depuis l'hiver 2000, les forces ont tu\u00e9s 2 000 enfants Palestiniens. \u2022 Chaque ann\u00e9e,","protected":false},"author":2,"featured_media":0,"comment_status":"open","ping_status":"closed","sticky":false,"template":"","format":"standard","meta":[],"categories":[],"tags":[],"_links":{"self":[{"href":"https:\/\/www.lejournalduforkane.com\/index.php\/wp-json\/wp\/v2\/posts\/7404"}],"collection":[{"href":"https:\/\/www.lejournalduforkane.com\/index.php\/wp-json\/wp\/v2\/posts"}],"about":[{"href":"https:\/\/www.lejournalduforkane.com\/index.php\/wp-json\/wp\/v2\/types\/post"}],"author":[{"embeddable":true,"href":"https:\/\/www.lejournalduforkane.com\/index.php\/wp-json\/wp\/v2\/users\/2"}],"replies":[{"embeddable":true,"href":"https:\/\/www.lejournalduforkane.com\/index.php\/wp-json\/wp\/v2\/comments?post=7404"}],"version-history":[{"count":2,"href":"https:\/\/www.lejournalduforkane.com\/index.php\/wp-json\/wp\/v2\/posts\/7404\/revisions"}],"predecessor-version":[{"id":14835,"href":"https:\/\/www.lejournalduforkane.com\/index.php\/wp-json\/wp\/v2\/posts\/7404\/revisions\/14835"}],"wp:attachment":[{"href":"https:\/\/www.lejournalduforkane.com\/index.php\/wp-json\/wp\/v2\/media?parent=7404"}],"wp:term":[{"taxonomy":"category","embeddable":true,"href":"https:\/\/www.lejournalduforkane.com\/index.php\/wp-json\/wp\/v2\/categories?post=7404"},{"taxonomy":"post_tag","embeddable":true,"href":"https:\/\/www.lejournalduforkane.com\/index.php\/wp-json\/wp\/v2\/tags?post=7404"}],"curies":[{"name":"wp","href":"https:\/\/api.w.org\/{rel}","templated":true}]}}