
{"id":7481,"date":"2015-10-20T17:08:46","date_gmt":"2015-10-20T17:08:46","guid":{"rendered":"https:\/\/www.lejournalduforkane.com\/?p=7481"},"modified":"2015-10-20T17:08:46","modified_gmt":"2015-10-20T17:08:46","slug":"video-hassan-nasrallah-la-resistance-et-lintifada-libereront-toute-la-palestine-occupee","status":"publish","type":"post","link":"https:\/\/www.lejournalduforkane.com\/index.php\/video-hassan-nasrallah-la-resistance-et-lintifada-libereront-toute-la-palestine-occupee\/","title":{"rendered":"[Vid\u00e9o] | Hassan Nasrallah : \u00ab La R\u00e9sistance et l&rsquo;Intifada lib\u00e8reront toute la Palestine Occup\u00e9e \u00bb"},"content":{"rendered":"<p><!--more-->Extrait du discours du Secr\u00e9taire G\u00e9n\u00e9ral du Hezbollah, Sayed Hassan Nasrallah, le 18 octobre 2015<br \/>\n<iframe loading=\"lazy\" src=\"https:\/\/www.youtube.com\/embed\/F1bHajkCi2c\" width=\"560\" height=\"315\" frameborder=\"0\" allowfullscreen=\"allowfullscreen\"><\/iframe><\/p>\n<p><a href=\"http:\/\/158.255.2.50\/wp-content\/uploads\/2012\/08\/nasrallah_20120718.jpg\"><img loading=\"lazy\" class=\"alignnone size-medium wp-image-1111\" src=\"http:\/\/158.255.2.50\/wp-content\/uploads\/2012\/08\/nasrallah_20120718-300x168.jpg\" alt=\"nasrallah_20120718\" width=\"300\" height=\"168\" \/><\/a><\/p>\n","protected":false},"excerpt":{"rendered":"Extrait du discours du Secr\u00e9taire G\u00e9n\u00e9ral du Hezbollah, Sayed Hassan Nasrallah, le 18 octobre 2015","protected":false},"author":2,"featured_media":0,"comment_status":"open","ping_status":"closed","sticky":false,"template":"","format":"standard","meta":[],"categories":[],"tags":[],"_links":{"self":[{"href":"https:\/\/www.lejournalduforkane.com\/index.php\/wp-json\/wp\/v2\/posts\/7481"}],"collection":[{"href":"https:\/\/www.lejournalduforkane.com\/index.php\/wp-json\/wp\/v2\/posts"}],"about":[{"href":"https:\/\/www.lejournalduforkane.com\/index.php\/wp-json\/wp\/v2\/types\/post"}],"author":[{"embeddable":true,"href":"https:\/\/www.lejournalduforkane.com\/index.php\/wp-json\/wp\/v2\/users\/2"}],"replies":[{"embeddable":true,"href":"https:\/\/www.lejournalduforkane.com\/index.php\/wp-json\/wp\/v2\/comments?post=7481"}],"version-history":[{"count":0,"href":"https:\/\/www.lejournalduforkane.com\/index.php\/wp-json\/wp\/v2\/posts\/7481\/revisions"}],"wp:attachment":[{"href":"https:\/\/www.lejournalduforkane.com\/index.php\/wp-json\/wp\/v2\/media?parent=7481"}],"wp:term":[{"taxonomy":"category","embeddable":true,"href":"https:\/\/www.lejournalduforkane.com\/index.php\/wp-json\/wp\/v2\/categories?post=7481"},{"taxonomy":"post_tag","embeddable":true,"href":"https:\/\/www.lejournalduforkane.com\/index.php\/wp-json\/wp\/v2\/tags?post=7481"}],"curies":[{"name":"wp","href":"https:\/\/api.w.org\/{rel}","templated":true}]}}