
{"id":7490,"date":"2016-10-12T19:19:58","date_gmt":"2016-10-12T19:19:58","guid":{"rendered":"https:\/\/www.lejournalduforkane.com\/?p=7490"},"modified":"2016-10-12T19:19:48","modified_gmt":"2016-10-12T19:19:48","slug":"le-celebre-chanteur-kadhem-saher-irakien-sunnite-rend-hommage-a-limam-al-hussein","status":"publish","type":"post","link":"https:\/\/www.lejournalduforkane.com\/index.php\/le-celebre-chanteur-kadhem-saher-irakien-sunnite-rend-hommage-a-limam-al-hussein\/","title":{"rendered":"Le c\u00e9l\u00e8bre chanteur Kadhem Saher (irakien sunnite) rend hommage \u00e0 l&rsquo;Imam Al Hussein"},"content":{"rendered":"<p style=\"text-align: justify;\"><!--more-->Vibrant hommage du grand chanteur Kadhem Saher au Petit-Fils du Proph\u00e8te (P), l&rsquo;Imam Al Hussein (AS) lors d&rsquo;un concert en pleine comm\u00e9moration de Achoura. Un exemple \u00e0 suivre\u2026<\/p>\n<p style=\"text-align: justify;\">Cela nous change des artistes qu\u2019on a en France, \u00e9coutez plut\u00f4t.<\/p>\n<div class=\"text_exposed_show\">\n<p style=\"text-align: justify;\">PS : faite tournez et n\u2019h\u00e9sitez pas \u00e0 invitez vos amis \u00e0 suivre et \u00e0 aimer notre page, pour d\u00e9tournez la censure et recevoir les nouvelles de ALI DANI et du JOURNAL DU FORKANE\u2026<\/p>\n<p><iframe loading=\"lazy\" src=\"https:\/\/www.youtube.com\/embed\/cc4L4ZHl80s\" width=\"560\" height=\"315\" frameborder=\"0\" allowfullscreen=\"allowfullscreen\"><\/iframe><\/p>\n<p>&nbsp;<\/p>\n<p>&nbsp;<\/p>\n<\/div>\n","protected":false},"excerpt":{"rendered":"Vibrant hommage du grand chanteur Kadhem Saher au Petit-Fils du Proph\u00e8te (P), l'Imam Al Hussein (AS) lors d'un concert en pleine comm\u00e9moration de Achoura. Un exemple \u00e0 suivre\u2026 Cela nous","protected":false},"author":2,"featured_media":0,"comment_status":"open","ping_status":"closed","sticky":false,"template":"","format":"standard","meta":[],"categories":[],"tags":[],"_links":{"self":[{"href":"https:\/\/www.lejournalduforkane.com\/index.php\/wp-json\/wp\/v2\/posts\/7490"}],"collection":[{"href":"https:\/\/www.lejournalduforkane.com\/index.php\/wp-json\/wp\/v2\/posts"}],"about":[{"href":"https:\/\/www.lejournalduforkane.com\/index.php\/wp-json\/wp\/v2\/types\/post"}],"author":[{"embeddable":true,"href":"https:\/\/www.lejournalduforkane.com\/index.php\/wp-json\/wp\/v2\/users\/2"}],"replies":[{"embeddable":true,"href":"https:\/\/www.lejournalduforkane.com\/index.php\/wp-json\/wp\/v2\/comments?post=7490"}],"version-history":[{"count":2,"href":"https:\/\/www.lejournalduforkane.com\/index.php\/wp-json\/wp\/v2\/posts\/7490\/revisions"}],"predecessor-version":[{"id":13440,"href":"https:\/\/www.lejournalduforkane.com\/index.php\/wp-json\/wp\/v2\/posts\/7490\/revisions\/13440"}],"wp:attachment":[{"href":"https:\/\/www.lejournalduforkane.com\/index.php\/wp-json\/wp\/v2\/media?parent=7490"}],"wp:term":[{"taxonomy":"category","embeddable":true,"href":"https:\/\/www.lejournalduforkane.com\/index.php\/wp-json\/wp\/v2\/categories?post=7490"},{"taxonomy":"post_tag","embeddable":true,"href":"https:\/\/www.lejournalduforkane.com\/index.php\/wp-json\/wp\/v2\/tags?post=7490"}],"curies":[{"name":"wp","href":"https:\/\/api.w.org\/{rel}","templated":true}]}}