
{"id":7555,"date":"2015-10-23T17:25:35","date_gmt":"2015-10-23T17:25:35","guid":{"rendered":"https:\/\/www.lejournalduforkane.com\/?p=7555"},"modified":"2017-01-21T17:28:21","modified_gmt":"2017-01-21T17:28:21","slug":"video-jerusalem-al-qods-aujourdhui","status":"publish","type":"post","link":"https:\/\/www.lejournalduforkane.com\/index.php\/video-jerusalem-al-qods-aujourdhui\/","title":{"rendered":"[Vid\u00e9o]  J\u00e9rusalem al-Qods aujourd\u2019hui 23.10.15"},"content":{"rendered":"<p><!--more--><\/p>\n<p>Les Palestiniens emp\u00each\u00e9s d\u2019entrer dans la sainte Mosqu\u00e9e d\u2019al-Aqsa par la police militaire isra\u00e9lienne et oblig\u00e9s de prier dans la rue.<\/p>\n<p>DE TOUT C\u0152UR AVEC LA PALESTINE ET POUR LA 3EME INTIFIDA, QUI PERMETTRA, NOUS L\u2019ESP\u00c9RONS TOUS, LA DISPARITION DE CET \u00c9TAT COLONIALISTE QU\u2019EST ISRA\u00cbL.<\/p>\n<p><iframe loading=\"lazy\" src=\"https:\/\/www.youtube.com\/embed\/hYnJGI6QvU4\" width=\"560\" height=\"315\" frameborder=\"0\" allowfullscreen=\"allowfullscreen\"><\/iframe><\/p>\n<p><a href=\"http:\/\/158.255.2.50\/wp-content\/uploads\/2015\/10\/Capture12.png\"><img loading=\"lazy\" class=\"alignleft wp-image-7556 size-medium\" src=\"http:\/\/158.255.2.50\/wp-content\/uploads\/2015\/10\/Capture12-300x166.png\" alt=\"Capture\" width=\"300\" height=\"166\" \/><\/a><\/p>\n","protected":false},"excerpt":{"rendered":"Les Palestiniens emp\u00each\u00e9s d\u2019entrer dans la sainte Mosqu\u00e9e d\u2019al-Aqsa par la police militaire isra\u00e9lienne et oblig\u00e9s de prier dans la rue. DE TOUT C\u0152UR AVEC LA PALESTINE ET POUR LA","protected":false},"author":2,"featured_media":0,"comment_status":"open","ping_status":"closed","sticky":false,"template":"","format":"standard","meta":[],"categories":[],"tags":[],"_links":{"self":[{"href":"https:\/\/www.lejournalduforkane.com\/index.php\/wp-json\/wp\/v2\/posts\/7555"}],"collection":[{"href":"https:\/\/www.lejournalduforkane.com\/index.php\/wp-json\/wp\/v2\/posts"}],"about":[{"href":"https:\/\/www.lejournalduforkane.com\/index.php\/wp-json\/wp\/v2\/types\/post"}],"author":[{"embeddable":true,"href":"https:\/\/www.lejournalduforkane.com\/index.php\/wp-json\/wp\/v2\/users\/2"}],"replies":[{"embeddable":true,"href":"https:\/\/www.lejournalduforkane.com\/index.php\/wp-json\/wp\/v2\/comments?post=7555"}],"version-history":[{"count":1,"href":"https:\/\/www.lejournalduforkane.com\/index.php\/wp-json\/wp\/v2\/posts\/7555\/revisions"}],"predecessor-version":[{"id":14825,"href":"https:\/\/www.lejournalduforkane.com\/index.php\/wp-json\/wp\/v2\/posts\/7555\/revisions\/14825"}],"wp:attachment":[{"href":"https:\/\/www.lejournalduforkane.com\/index.php\/wp-json\/wp\/v2\/media?parent=7555"}],"wp:term":[{"taxonomy":"category","embeddable":true,"href":"https:\/\/www.lejournalduforkane.com\/index.php\/wp-json\/wp\/v2\/categories?post=7555"},{"taxonomy":"post_tag","embeddable":true,"href":"https:\/\/www.lejournalduforkane.com\/index.php\/wp-json\/wp\/v2\/tags?post=7555"}],"curies":[{"name":"wp","href":"https:\/\/api.w.org\/{rel}","templated":true}]}}