
{"id":7723,"date":"2015-11-02T21:43:47","date_gmt":"2015-11-02T21:43:47","guid":{"rendered":"https:\/\/www.lejournalduforkane.com\/?p=7723"},"modified":"2015-11-02T21:43:47","modified_gmt":"2015-11-02T21:43:47","slug":"video-les-troupes-yemenites-explosent-des-chars-saoudiens","status":"publish","type":"post","link":"https:\/\/www.lejournalduforkane.com\/index.php\/video-les-troupes-yemenites-explosent-des-chars-saoudiens\/","title":{"rendered":"[Vid\u00e9o] Les troupes y\u00e9m\u00e9nites explosent des chars saoudiens"},"content":{"rendered":"<p><!--more--><\/p>\n<p style=\"text-align: justify;\">Les troupes y\u00e9m\u00e9nites explosent des chars saoudiens avec des roquettes lors d&rsquo;une attaque en repr\u00e9sailles dans le territoire saoudien.<\/p>\n<p><iframe loading=\"lazy\" src=\"https:\/\/www.youtube.com\/embed\/KjXKINPxw_E\" width=\"560\" height=\"315\" frameborder=\"0\" allowfullscreen=\"allowfullscreen\"><\/iframe><\/p>\n<p><a href=\"http:\/\/158.255.2.50\/wp-content\/uploads\/2015\/11\/Capture.png\"><img loading=\"lazy\" class=\"alignleft wp-image-7724 size-medium\" src=\"http:\/\/158.255.2.50\/wp-content\/uploads\/2015\/11\/Capture-300x170.png\" alt=\"Capture\" width=\"300\" height=\"170\" srcset=\"https:\/\/www.lejournalduforkane.com\/wp-content\/uploads\/2015\/11\/Capture-300x170.png 300w, https:\/\/www.lejournalduforkane.com\/wp-content\/uploads\/2015\/11\/Capture-768x436.png 768w, https:\/\/www.lejournalduforkane.com\/wp-content\/uploads\/2015\/11\/Capture.png 814w\" sizes=\"(max-width: 300px) 100vw, 300px\" \/><\/a><\/p>\n","protected":false},"excerpt":{"rendered":"Les troupes y\u00e9m\u00e9nites explosent des chars saoudiens avec des roquettes lors d'une attaque en repr\u00e9sailles dans le territoire saoudien.","protected":false},"author":2,"featured_media":0,"comment_status":"open","ping_status":"closed","sticky":false,"template":"","format":"standard","meta":[],"categories":[],"tags":[],"_links":{"self":[{"href":"https:\/\/www.lejournalduforkane.com\/index.php\/wp-json\/wp\/v2\/posts\/7723"}],"collection":[{"href":"https:\/\/www.lejournalduforkane.com\/index.php\/wp-json\/wp\/v2\/posts"}],"about":[{"href":"https:\/\/www.lejournalduforkane.com\/index.php\/wp-json\/wp\/v2\/types\/post"}],"author":[{"embeddable":true,"href":"https:\/\/www.lejournalduforkane.com\/index.php\/wp-json\/wp\/v2\/users\/2"}],"replies":[{"embeddable":true,"href":"https:\/\/www.lejournalduforkane.com\/index.php\/wp-json\/wp\/v2\/comments?post=7723"}],"version-history":[{"count":0,"href":"https:\/\/www.lejournalduforkane.com\/index.php\/wp-json\/wp\/v2\/posts\/7723\/revisions"}],"wp:attachment":[{"href":"https:\/\/www.lejournalduforkane.com\/index.php\/wp-json\/wp\/v2\/media?parent=7723"}],"wp:term":[{"taxonomy":"category","embeddable":true,"href":"https:\/\/www.lejournalduforkane.com\/index.php\/wp-json\/wp\/v2\/categories?post=7723"},{"taxonomy":"post_tag","embeddable":true,"href":"https:\/\/www.lejournalduforkane.com\/index.php\/wp-json\/wp\/v2\/tags?post=7723"}],"curies":[{"name":"wp","href":"https:\/\/api.w.org\/{rel}","templated":true}]}}