
{"id":7793,"date":"2017-03-29T18:30:57","date_gmt":"2017-03-29T18:30:57","guid":{"rendered":"https:\/\/www.lejournalduforkane.com\/?p=7793"},"modified":"2017-03-29T18:32:25","modified_gmt":"2017-03-29T18:32:25","slug":"video-le-monde-arabe-se-ligue-contre-israel-pardon-contre-le-yemen","status":"publish","type":"post","link":"https:\/\/www.lejournalduforkane.com\/index.php\/video-le-monde-arabe-se-ligue-contre-israel-pardon-contre-le-yemen\/","title":{"rendered":"[Vid\u00e9o] Le monde arabe se ligue contre Isra\u00ebl&#8230; pardon, contre le Y\u00e9men"},"content":{"rendered":"<p><!--more-->Quand donc le monde sera-t-il solidaire du peuple Y\u00e9m\u00e9nite ? Comment les gens peuvent-ils dormir la conscience tranquille\u2026 sachant que des femmes et des enfants sont massacr\u00e9s dans leur sommeil, enterr\u00e9s sous les d\u00e9combres de leurs maisons ?<br \/>\n<iframe loading=\"lazy\" src=\"https:\/\/www.youtube.com\/embed\/gdcFouZtezs\" width=\"420\" height=\"315\" frameborder=\"0\" allowfullscreen=\"allowfullscreen\"><\/iframe><\/p>\n<p>&nbsp;<\/p>\n","protected":false},"excerpt":{"rendered":"Quand donc le monde sera-t-il solidaire du peuple Y\u00e9m\u00e9nite ? Comment les gens peuvent-ils dormir la conscience tranquille\u2026 sachant que des femmes et des enfants sont massacr\u00e9s dans leur sommeil,","protected":false},"author":2,"featured_media":7794,"comment_status":"open","ping_status":"closed","sticky":false,"template":"","format":"standard","meta":[],"categories":[49],"tags":[],"_links":{"self":[{"href":"https:\/\/www.lejournalduforkane.com\/index.php\/wp-json\/wp\/v2\/posts\/7793"}],"collection":[{"href":"https:\/\/www.lejournalduforkane.com\/index.php\/wp-json\/wp\/v2\/posts"}],"about":[{"href":"https:\/\/www.lejournalduforkane.com\/index.php\/wp-json\/wp\/v2\/types\/post"}],"author":[{"embeddable":true,"href":"https:\/\/www.lejournalduforkane.com\/index.php\/wp-json\/wp\/v2\/users\/2"}],"replies":[{"embeddable":true,"href":"https:\/\/www.lejournalduforkane.com\/index.php\/wp-json\/wp\/v2\/comments?post=7793"}],"version-history":[{"count":2,"href":"https:\/\/www.lejournalduforkane.com\/index.php\/wp-json\/wp\/v2\/posts\/7793\/revisions"}],"predecessor-version":[{"id":15945,"href":"https:\/\/www.lejournalduforkane.com\/index.php\/wp-json\/wp\/v2\/posts\/7793\/revisions\/15945"}],"wp:featuredmedia":[{"embeddable":true,"href":"https:\/\/www.lejournalduforkane.com\/index.php\/wp-json\/wp\/v2\/media\/7794"}],"wp:attachment":[{"href":"https:\/\/www.lejournalduforkane.com\/index.php\/wp-json\/wp\/v2\/media?parent=7793"}],"wp:term":[{"taxonomy":"category","embeddable":true,"href":"https:\/\/www.lejournalduforkane.com\/index.php\/wp-json\/wp\/v2\/categories?post=7793"},{"taxonomy":"post_tag","embeddable":true,"href":"https:\/\/www.lejournalduforkane.com\/index.php\/wp-json\/wp\/v2\/tags?post=7793"}],"curies":[{"name":"wp","href":"https:\/\/api.w.org\/{rel}","templated":true}]}}