
{"id":7800,"date":"2015-11-08T15:35:48","date_gmt":"2015-11-08T15:35:48","guid":{"rendered":"https:\/\/www.lejournalduforkane.com\/?p=7800"},"modified":"2015-11-08T15:35:48","modified_gmt":"2015-11-08T15:35:48","slug":"video-al-raboua-1ere-ville-darabie-saoudite-tombee-entierement-sous-le-controle-de-larmee-yemenite-et-des-comites-populaires-2","status":"publish","type":"post","link":"https:\/\/www.lejournalduforkane.com\/index.php\/video-al-raboua-1ere-ville-darabie-saoudite-tombee-entierement-sous-le-controle-de-larmee-yemenite-et-des-comites-populaires-2\/","title":{"rendered":"[Vid\u00e9o] | Al-Raboua, 1ere ville d&rsquo;Arabie Saoudite tomb\u00e9e enti\u00e8rement sous le contr\u00f4le de l&rsquo;arm\u00e9e y\u00e9m\u00e9nite et des comit\u00e9s populaires."},"content":{"rendered":"<p><!--more--><\/p>\n<p>Al-Raboua se situe dans le sud de l&rsquo;Arabie.<br \/>\nLes forces de la maudite Arabie ont fuis le champ de bataille voyant les soldats y\u00e9m\u00e9nites avanc\u00e9s.<\/p>\n<p><iframe loading=\"lazy\" class=\"wp-more-tag mce-wp-more\" title=\"Lire la suite...\" src=\"https:\/\/www.youtube.com\/embed\/IDaL-jr4Nzg\" width=\"420\" height=\"315\" frameborder=\"0\" allowfullscreen=\"allowfullscreen\" data-wp-more=\"more\" data-wp-more-text=\"\" data-mce-resize=\"false\" data-mce-placeholder=\"1\">&gt;&nbsp;<\/p>\n<p><\/iframe><\/p>\n<p><a href=\"http:\/\/158.255.2.50\/wp-content\/uploads\/2015\/11\/k.jpg\"><img loading=\"lazy\" class=\"alignnone size-medium wp-image-7797\" src=\"http:\/\/158.255.2.50\/wp-content\/uploads\/2015\/11\/k-300x225.jpg\" alt=\"k\" width=\"300\" height=\"225\" srcset=\"https:\/\/www.lejournalduforkane.com\/wp-content\/uploads\/2015\/11\/k-300x225.jpg 300w, https:\/\/www.lejournalduforkane.com\/wp-content\/uploads\/2015\/11\/k.jpg 422w\" sizes=\"(max-width: 300px) 100vw, 300px\" \/><\/a><\/p>\n","protected":false},"excerpt":{"rendered":"Al-Raboua se situe dans le sud de l'Arabie. Les forces de la maudite Arabie ont fuis le champ de bataille voyant les soldats y\u00e9m\u00e9nites avanc\u00e9s. &gt;&nbsp;","protected":false},"author":2,"featured_media":0,"comment_status":"open","ping_status":"closed","sticky":false,"template":"","format":"standard","meta":[],"categories":[],"tags":[],"_links":{"self":[{"href":"https:\/\/www.lejournalduforkane.com\/index.php\/wp-json\/wp\/v2\/posts\/7800"}],"collection":[{"href":"https:\/\/www.lejournalduforkane.com\/index.php\/wp-json\/wp\/v2\/posts"}],"about":[{"href":"https:\/\/www.lejournalduforkane.com\/index.php\/wp-json\/wp\/v2\/types\/post"}],"author":[{"embeddable":true,"href":"https:\/\/www.lejournalduforkane.com\/index.php\/wp-json\/wp\/v2\/users\/2"}],"replies":[{"embeddable":true,"href":"https:\/\/www.lejournalduforkane.com\/index.php\/wp-json\/wp\/v2\/comments?post=7800"}],"version-history":[{"count":0,"href":"https:\/\/www.lejournalduforkane.com\/index.php\/wp-json\/wp\/v2\/posts\/7800\/revisions"}],"wp:attachment":[{"href":"https:\/\/www.lejournalduforkane.com\/index.php\/wp-json\/wp\/v2\/media?parent=7800"}],"wp:term":[{"taxonomy":"category","embeddable":true,"href":"https:\/\/www.lejournalduforkane.com\/index.php\/wp-json\/wp\/v2\/categories?post=7800"},{"taxonomy":"post_tag","embeddable":true,"href":"https:\/\/www.lejournalduforkane.com\/index.php\/wp-json\/wp\/v2\/tags?post=7800"}],"curies":[{"name":"wp","href":"https:\/\/api.w.org\/{rel}","templated":true}]}}