
{"id":7891,"date":"2016-09-19T18:47:53","date_gmt":"2016-09-19T18:47:53","guid":{"rendered":"https:\/\/www.lejournalduforkane.com\/?p=7891"},"modified":"2016-09-19T18:53:00","modified_gmt":"2016-09-19T18:53:00","slug":"video-daesh-est-une-creation-des-usa","status":"publish","type":"post","link":"https:\/\/www.lejournalduforkane.com\/index.php\/video-daesh-est-une-creation-des-usa\/","title":{"rendered":"[Vid\u00e9o] Fran\u00e7ois Fillon (LR) : Daesh est une cr\u00e9ation des USA"},"content":{"rendered":"<p><!--more--><\/p>\n<p>Fran\u00e7ois Fillon (LR) : Daesh est une cr\u00e9ation des USA.<\/p>\n<p><iframe loading=\"lazy\" src=\"https:\/\/www.youtube.com\/embed\/v9CaadNOEFw\" width=\"560\" height=\"315\" frameborder=\"0\" allowfullscreen=\"allowfullscreen\"><\/iframe><\/p>\n<p><img loading=\"lazy\" class=\"alignnone wp-image-7895 size-medium\" src=\"https:\/\/www.lejournalduforkane.com\/wp-content\/uploads\/2015\/11\/Capture11-300x166.png\" alt=\"\" width=\"300\" height=\"166\" srcset=\"https:\/\/www.lejournalduforkane.com\/wp-content\/uploads\/2015\/11\/Capture11-300x166.png 300w, https:\/\/www.lejournalduforkane.com\/wp-content\/uploads\/2015\/11\/Capture11-768x425.png 768w, https:\/\/www.lejournalduforkane.com\/wp-content\/uploads\/2015\/11\/Capture11.png 873w\" sizes=\"(max-width: 300px) 100vw, 300px\" \/><\/p>\n","protected":false},"excerpt":{"rendered":"Fran\u00e7ois Fillon (LR) : Daesh est une cr\u00e9ation des USA.","protected":false},"author":2,"featured_media":0,"comment_status":"open","ping_status":"closed","sticky":false,"template":"","format":"standard","meta":[],"categories":[],"tags":[],"_links":{"self":[{"href":"https:\/\/www.lejournalduforkane.com\/index.php\/wp-json\/wp\/v2\/posts\/7891"}],"collection":[{"href":"https:\/\/www.lejournalduforkane.com\/index.php\/wp-json\/wp\/v2\/posts"}],"about":[{"href":"https:\/\/www.lejournalduforkane.com\/index.php\/wp-json\/wp\/v2\/types\/post"}],"author":[{"embeddable":true,"href":"https:\/\/www.lejournalduforkane.com\/index.php\/wp-json\/wp\/v2\/users\/2"}],"replies":[{"embeddable":true,"href":"https:\/\/www.lejournalduforkane.com\/index.php\/wp-json\/wp\/v2\/comments?post=7891"}],"version-history":[{"count":2,"href":"https:\/\/www.lejournalduforkane.com\/index.php\/wp-json\/wp\/v2\/posts\/7891\/revisions"}],"predecessor-version":[{"id":13094,"href":"https:\/\/www.lejournalduforkane.com\/index.php\/wp-json\/wp\/v2\/posts\/7891\/revisions\/13094"}],"wp:attachment":[{"href":"https:\/\/www.lejournalduforkane.com\/index.php\/wp-json\/wp\/v2\/media?parent=7891"}],"wp:term":[{"taxonomy":"category","embeddable":true,"href":"https:\/\/www.lejournalduforkane.com\/index.php\/wp-json\/wp\/v2\/categories?post=7891"},{"taxonomy":"post_tag","embeddable":true,"href":"https:\/\/www.lejournalduforkane.com\/index.php\/wp-json\/wp\/v2\/tags?post=7891"}],"curies":[{"name":"wp","href":"https:\/\/api.w.org\/{rel}","templated":true}]}}