
{"id":7909,"date":"2016-06-19T19:00:12","date_gmt":"2016-06-19T19:00:12","guid":{"rendered":"https:\/\/www.lejournalduforkane.com\/?p=7909"},"modified":"2016-07-19T19:02:57","modified_gmt":"2016-07-19T19:02:57","slug":"video-olivier-falorni-depute-d-charente-maritime-lennemi-cest-le-salafisme","status":"publish","type":"post","link":"https:\/\/www.lejournalduforkane.com\/index.php\/video-olivier-falorni-depute-d-charente-maritime-lennemi-cest-le-salafisme\/","title":{"rendered":"[Vid\u00e9o] Olivier Falorni (d\u00e9put\u00e9 de Charente-Maritime) :  \u00a0\u00bb L&rsquo;ENNEMI C&rsquo;EST LE SALAFISME \u00ab\u00a0"},"content":{"rendered":"<p><!--more--><\/p>\n<p style=\"text-align: justify;\">Olivier Falorni (d\u00e9put\u00e9 de Charente-Maritime) :<br \/>\n\u00ab\u00a0L&rsquo;ENNEMI C&rsquo;EST LE SALAFISME\u00a0\u00bb<br \/>\nLui aussi le dit, il faut combattre le salafisme !<\/p>\n<p><iframe loading=\"lazy\" src=\"https:\/\/www.youtube.com\/embed\/1uOmn4-Mo94\" width=\"560\" height=\"315\" frameborder=\"0\" allowfullscreen=\"allowfullscreen\"><\/iframe><\/p>\n<p>&nbsp;<\/p>\n","protected":false},"excerpt":{"rendered":"Olivier Falorni (d\u00e9put\u00e9 de Charente-Maritime) : \"L'ENNEMI C'EST LE SALAFISME\" Lui aussi le dit, il faut combattre le salafisme ! &nbsp;","protected":false},"author":2,"featured_media":0,"comment_status":"open","ping_status":"closed","sticky":false,"template":"","format":"standard","meta":[],"categories":[],"tags":[],"_links":{"self":[{"href":"https:\/\/www.lejournalduforkane.com\/index.php\/wp-json\/wp\/v2\/posts\/7909"}],"collection":[{"href":"https:\/\/www.lejournalduforkane.com\/index.php\/wp-json\/wp\/v2\/posts"}],"about":[{"href":"https:\/\/www.lejournalduforkane.com\/index.php\/wp-json\/wp\/v2\/types\/post"}],"author":[{"embeddable":true,"href":"https:\/\/www.lejournalduforkane.com\/index.php\/wp-json\/wp\/v2\/users\/2"}],"replies":[{"embeddable":true,"href":"https:\/\/www.lejournalduforkane.com\/index.php\/wp-json\/wp\/v2\/comments?post=7909"}],"version-history":[{"count":3,"href":"https:\/\/www.lejournalduforkane.com\/index.php\/wp-json\/wp\/v2\/posts\/7909\/revisions"}],"predecessor-version":[{"id":12199,"href":"https:\/\/www.lejournalduforkane.com\/index.php\/wp-json\/wp\/v2\/posts\/7909\/revisions\/12199"}],"wp:attachment":[{"href":"https:\/\/www.lejournalduforkane.com\/index.php\/wp-json\/wp\/v2\/media?parent=7909"}],"wp:term":[{"taxonomy":"category","embeddable":true,"href":"https:\/\/www.lejournalduforkane.com\/index.php\/wp-json\/wp\/v2\/categories?post=7909"},{"taxonomy":"post_tag","embeddable":true,"href":"https:\/\/www.lejournalduforkane.com\/index.php\/wp-json\/wp\/v2\/tags?post=7909"}],"curies":[{"name":"wp","href":"https:\/\/api.w.org\/{rel}","templated":true}]}}