
{"id":8085,"date":"2017-06-29T17:59:09","date_gmt":"2017-06-29T17:59:09","guid":{"rendered":"https:\/\/www.lejournalduforkane.com\/?p=8085"},"modified":"2017-06-29T18:32:23","modified_gmt":"2017-06-29T18:32:23","slug":"video-un-depute-allemand-larabie-saoudite-fait-plus-de-degats-que-daech","status":"publish","type":"post","link":"https:\/\/www.lejournalduforkane.com\/index.php\/video-un-depute-allemand-larabie-saoudite-fait-plus-de-degats-que-daech\/","title":{"rendered":"[Vid\u00e9o] Un d\u00e9put\u00e9 allemand : \u00a0\u00bb L\u2019Arabie Saoudite fait plus de d\u00e9gats que DAECH\u00a0\u00bb"},"content":{"rendered":"<p><!--more--><\/p>\n<p>Un d\u00e9put\u00e9 allemand : \u00a0\u00bb L\u2019Arabie Saoudite a tu\u00e9 en 1 an au Y\u00e9men beaucoup plus que n&rsquo;a fait Daesh en 4 ans \u00a0\u00bb<br \/>\nL\u2019immense majorit\u00e9 des Musulmans se fiche \u00e9perdument du cher Islam et de la situation des Musulmans, tant que Daesh tue des \u00ab Musulmans Chiites \u00bb dans le Machreq cela n\u2019est pas si grave. Mais qu\u2019adviendra-t-il lorsque la roue tournera ?<br \/>\nIl est une parole du Proph\u00e8te (P) qui est claire : \u00ab Si un crime est commis \u00e0 l\u2019orient et qu\u2019\u00e0 l\u2019occident quelqu\u2019un le justifie, ce dernier devient de fait partie prenante de ce crime \u00bb.<\/p>\n<p><iframe loading=\"lazy\" src=\"https:\/\/www.youtube.com\/embed\/ZnRi3DYPjcI\" width=\"560\" height=\"315\" frameborder=\"0\" allowfullscreen=\"allowfullscreen\"><\/iframe><\/p>\n","protected":false},"excerpt":{"rendered":"Un d\u00e9put\u00e9 allemand : \" L\u2019Arabie Saoudite a tu\u00e9 en 1 an au Y\u00e9men beaucoup plus que n'a fait Daesh en 4 ans \" L\u2019immense majorit\u00e9 des Musulmans se fiche","protected":false},"author":2,"featured_media":0,"comment_status":"open","ping_status":"closed","sticky":false,"template":"","format":"standard","meta":[],"categories":[49],"tags":[],"_links":{"self":[{"href":"https:\/\/www.lejournalduforkane.com\/index.php\/wp-json\/wp\/v2\/posts\/8085"}],"collection":[{"href":"https:\/\/www.lejournalduforkane.com\/index.php\/wp-json\/wp\/v2\/posts"}],"about":[{"href":"https:\/\/www.lejournalduforkane.com\/index.php\/wp-json\/wp\/v2\/types\/post"}],"author":[{"embeddable":true,"href":"https:\/\/www.lejournalduforkane.com\/index.php\/wp-json\/wp\/v2\/users\/2"}],"replies":[{"embeddable":true,"href":"https:\/\/www.lejournalduforkane.com\/index.php\/wp-json\/wp\/v2\/comments?post=8085"}],"version-history":[{"count":6,"href":"https:\/\/www.lejournalduforkane.com\/index.php\/wp-json\/wp\/v2\/posts\/8085\/revisions"}],"predecessor-version":[{"id":16202,"href":"https:\/\/www.lejournalduforkane.com\/index.php\/wp-json\/wp\/v2\/posts\/8085\/revisions\/16202"}],"wp:attachment":[{"href":"https:\/\/www.lejournalduforkane.com\/index.php\/wp-json\/wp\/v2\/media?parent=8085"}],"wp:term":[{"taxonomy":"category","embeddable":true,"href":"https:\/\/www.lejournalduforkane.com\/index.php\/wp-json\/wp\/v2\/categories?post=8085"},{"taxonomy":"post_tag","embeddable":true,"href":"https:\/\/www.lejournalduforkane.com\/index.php\/wp-json\/wp\/v2\/tags?post=8085"}],"curies":[{"name":"wp","href":"https:\/\/api.w.org\/{rel}","templated":true}]}}