
{"id":8114,"date":"2017-08-17T12:08:02","date_gmt":"2017-08-17T12:08:02","guid":{"rendered":"https:\/\/www.lejournalduforkane.com\/?p=8114"},"modified":"2017-08-17T17:40:40","modified_gmt":"2017-08-17T17:40:40","slug":"7-millions-denfants-au-yemen-dorment-le-ventre-au-creux-et-souffrent-de-malnutrition-a-cause-de-la-guerre-et-la-pauvrete","status":"publish","type":"post","link":"https:\/\/www.lejournalduforkane.com\/index.php\/7-millions-denfants-au-yemen-dorment-le-ventre-au-creux-et-souffrent-de-malnutrition-a-cause-de-la-guerre-et-la-pauvrete\/","title":{"rendered":"7 millions d&rsquo;enfants au Y\u00e9men dorment le ventre au creux et souffrent de malnutrition \u00e0 cause de la guerre et la pauvret\u00e9."},"content":{"rendered":"<p style=\"text-align: justify;\"><!--more-->7 millions d&rsquo;enfants au Y\u00e9men dorment le ventre au creux et souffrent de malnutrition \u00e0 cause de la guerre et la pauvret\u00e9.<\/p>\n<p style=\"text-align: justify;\">L\u2019immense majorit\u00e9 des Musulmans se fiche \u00e9perdument du cher Islam et de la situation des Musulmans, tant que Daesh tue des \u00ab Musulmans Chiites \u00bb dans le Machreq cela n\u2019est pas si grave. Mais qu\u2019adviendra-t-il lorsque la roue tournera ?<\/p>\n<p style=\"text-align: justify;\">Il est une parole du Proph\u00e8te (P) qui est claire : \u00ab Si un crime est commis \u00e0 l\u2019orient et qu\u2019\u00e0 l\u2019occident quelqu\u2019un le justifie, ce dernier devient de fait partie prenante de ce crime \u00bb.<\/p>\n<p><img loading=\"lazy\" class=\"alignnone size-medium wp-image-16911\" src=\"https:\/\/www.lejournalduforkane.com\/wp-content\/uploads\/2017\/07\/Le-Y\u00e9men-a-longtemps-lutt\u00e9-contre-la-malnutrition.-Mais-lembargo-de-la-coalition-saoudienne-a-d\u00e9truit-les-syst\u00e8mes-de-distribution-et-a-fait-entrer-le-pays-dans-la-famine.3-300x198.jpg\" alt=\"Le Y\u00e9men a longtemps lutt\u00e9 contre la malnutrition. Mais l'embargo de la coalition saoudienne a d\u00e9truit les syst\u00e8mes de distribution et a fait entrer le pays dans la famine.3\" width=\"300\" height=\"198\" srcset=\"https:\/\/www.lejournalduforkane.com\/wp-content\/uploads\/2017\/07\/Le-Y\u00e9men-a-longtemps-lutt\u00e9-contre-la-malnutrition.-Mais-lembargo-de-la-coalition-saoudienne-a-d\u00e9truit-les-syst\u00e8mes-de-distribution-et-a-fait-entrer-le-pays-dans-la-famine.3-300x198.jpg 300w, https:\/\/www.lejournalduforkane.com\/wp-content\/uploads\/2017\/07\/Le-Y\u00e9men-a-longtemps-lutt\u00e9-contre-la-malnutrition.-Mais-lembargo-de-la-coalition-saoudienne-a-d\u00e9truit-les-syst\u00e8mes-de-distribution-et-a-fait-entrer-le-pays-dans-la-famine.3.jpg 480w\" sizes=\"(max-width: 300px) 100vw, 300px\" \/> <img loading=\"lazy\" class=\"alignnone size-medium wp-image-16912\" src=\"https:\/\/www.lejournalduforkane.com\/wp-content\/uploads\/2017\/07\/Le-Y\u00e9men-a-longtemps-lutt\u00e9-contre-la-malnutrition.-Mais-lembargo-de-la-coalition-saoudienne-a-d\u00e9truit-les-syst\u00e8mes-de-distribution-et-a-fait-entrer-le-pays-dans-la-famine.2-300x217.jpg\" alt=\"Le Y\u00e9men a longtemps lutt\u00e9 contre la malnutrition. Mais l'embargo de la coalition saoudienne a d\u00e9truit les syst\u00e8mes de distribution et a fait entrer le pays dans la famine.2\" width=\"300\" height=\"217\" srcset=\"https:\/\/www.lejournalduforkane.com\/wp-content\/uploads\/2017\/07\/Le-Y\u00e9men-a-longtemps-lutt\u00e9-contre-la-malnutrition.-Mais-lembargo-de-la-coalition-saoudienne-a-d\u00e9truit-les-syst\u00e8mes-de-distribution-et-a-fait-entrer-le-pays-dans-la-famine.2-300x217.jpg 300w, https:\/\/www.lejournalduforkane.com\/wp-content\/uploads\/2017\/07\/Le-Y\u00e9men-a-longtemps-lutt\u00e9-contre-la-malnutrition.-Mais-lembargo-de-la-coalition-saoudienne-a-d\u00e9truit-les-syst\u00e8mes-de-distribution-et-a-fait-entrer-le-pays-dans-la-famine.2-768x554.jpg 768w, https:\/\/www.lejournalduforkane.com\/wp-content\/uploads\/2017\/07\/Le-Y\u00e9men-a-longtemps-lutt\u00e9-contre-la-malnutrition.-Mais-lembargo-de-la-coalition-saoudienne-a-d\u00e9truit-les-syst\u00e8mes-de-distribution-et-a-fait-entrer-le-pays-dans-la-famine.2.jpg 960w\" sizes=\"(max-width: 300px) 100vw, 300px\" \/> <img loading=\"lazy\" class=\"alignnone size-medium wp-image-16913\" src=\"https:\/\/www.lejournalduforkane.com\/wp-content\/uploads\/2017\/07\/Le-Y\u00e9men-a-longtemps-lutt\u00e9-contre-la-malnutrition.-Mais-lembargo-de-la-coalition-saoudienne-a-d\u00e9truit-les-syst\u00e8mes-de-distribution-et-a-fait-entrer-le-pays-dans-la-famine.1-300x224.jpg\" alt=\"Le Y\u00e9men a longtemps lutt\u00e9 contre la malnutrition. Mais l'embargo de la coalition saoudienne a d\u00e9truit les syst\u00e8mes de distribution et a fait entrer le pays dans la famine.1\" width=\"300\" height=\"224\" srcset=\"https:\/\/www.lejournalduforkane.com\/wp-content\/uploads\/2017\/07\/Le-Y\u00e9men-a-longtemps-lutt\u00e9-contre-la-malnutrition.-Mais-lembargo-de-la-coalition-saoudienne-a-d\u00e9truit-les-syst\u00e8mes-de-distribution-et-a-fait-entrer-le-pays-dans-la-famine.1-300x224.jpg 300w, https:\/\/www.lejournalduforkane.com\/wp-content\/uploads\/2017\/07\/Le-Y\u00e9men-a-longtemps-lutt\u00e9-contre-la-malnutrition.-Mais-lembargo-de-la-coalition-saoudienne-a-d\u00e9truit-les-syst\u00e8mes-de-distribution-et-a-fait-entrer-le-pays-dans-la-famine.1.jpg 480w\" sizes=\"(max-width: 300px) 100vw, 300px\" \/><\/p>\n","protected":false},"excerpt":{"rendered":"7 millions d'enfants au Y\u00e9men dorment le ventre au creux et souffrent de malnutrition \u00e0 cause de la guerre et la pauvret\u00e9. L\u2019immense majorit\u00e9 des Musulmans se fiche \u00e9perdument du","protected":false},"author":2,"featured_media":10261,"comment_status":"open","ping_status":"closed","sticky":false,"template":"","format":"standard","meta":[],"categories":[],"tags":[],"_links":{"self":[{"href":"https:\/\/www.lejournalduforkane.com\/index.php\/wp-json\/wp\/v2\/posts\/8114"}],"collection":[{"href":"https:\/\/www.lejournalduforkane.com\/index.php\/wp-json\/wp\/v2\/posts"}],"about":[{"href":"https:\/\/www.lejournalduforkane.com\/index.php\/wp-json\/wp\/v2\/types\/post"}],"author":[{"embeddable":true,"href":"https:\/\/www.lejournalduforkane.com\/index.php\/wp-json\/wp\/v2\/users\/2"}],"replies":[{"embeddable":true,"href":"https:\/\/www.lejournalduforkane.com\/index.php\/wp-json\/wp\/v2\/comments?post=8114"}],"version-history":[{"count":6,"href":"https:\/\/www.lejournalduforkane.com\/index.php\/wp-json\/wp\/v2\/posts\/8114\/revisions"}],"predecessor-version":[{"id":17407,"href":"https:\/\/www.lejournalduforkane.com\/index.php\/wp-json\/wp\/v2\/posts\/8114\/revisions\/17407"}],"wp:featuredmedia":[{"embeddable":true,"href":"https:\/\/www.lejournalduforkane.com\/index.php\/wp-json\/wp\/v2\/media\/10261"}],"wp:attachment":[{"href":"https:\/\/www.lejournalduforkane.com\/index.php\/wp-json\/wp\/v2\/media?parent=8114"}],"wp:term":[{"taxonomy":"category","embeddable":true,"href":"https:\/\/www.lejournalduforkane.com\/index.php\/wp-json\/wp\/v2\/categories?post=8114"},{"taxonomy":"post_tag","embeddable":true,"href":"https:\/\/www.lejournalduforkane.com\/index.php\/wp-json\/wp\/v2\/tags?post=8114"}],"curies":[{"name":"wp","href":"https:\/\/api.w.org\/{rel}","templated":true}]}}