
{"id":8215,"date":"2016-05-31T16:03:52","date_gmt":"2016-05-31T16:03:52","guid":{"rendered":"https:\/\/www.lejournalduforkane.com\/?p=5414"},"modified":"2016-05-31T16:07:30","modified_gmt":"2016-05-31T16:07:30","slug":"video-chiites-et-sunnites-combattent-ensemble-daesh-en-irak-2","status":"publish","type":"post","link":"https:\/\/www.lejournalduforkane.com\/index.php\/video-chiites-et-sunnites-combattent-ensemble-daesh-en-irak-2\/","title":{"rendered":"[ Vid\u00e9o ] Chiites et sunnites combattent ensemble Daesh en Irak."},"content":{"rendered":"<div class=\"_5pbx userContent\" data-ft=\"{&quot;tn&quot;:&quot;K&quot;}\">\n<p style=\"text-align: justify;\"><!--more--><\/p>\n<p style=\"text-align: justify;\">Cet homme nous explique que Chiites et sunnites combattent ensemble l&rsquo;ennemi terroriste salafiste de Daesh. Il nous dit \u00ab\u00a0nous les combattons d&rsquo;une seule main, avec le m\u00eame sang, avec la m\u00eame d\u00e9termination&#8230; et dans la m\u00eame conviction et m\u00eame religion.. Nous sommes li\u00e9s par la religion, par la patrie.\u00a0\u00bb<\/p>\n<p style=\"text-align: justify;\"><iframe loading=\"lazy\" src=\"https:\/\/www.youtube.com\/embed\/Iz2Yw0R47OM\" width=\"560\" height=\"315\" frameborder=\"0\" allowfullscreen=\"allowfullscreen\"><\/iframe><\/p>\n<p style=\"text-align: justify;\"><a href=\"https:\/\/www.lejournalduforkane.com\/wp-content\/uploads\/2015\/06\/sunnite-chiite.png\"><img loading=\"lazy\" class=\"alignnone wp-image-5415 size-full\" src=\"https:\/\/www.lejournalduforkane.com\/wp-content\/uploads\/2015\/06\/sunnite-chiite.png\" alt=\"sunnite chiite\" width=\"849\" height=\"454\" \/><\/a><\/p>\n<p style=\"text-align: justify;\">Vid\u00e9o \u00e0 diffuser au maximum<\/p>\n<\/div>\n","protected":false},"excerpt":{"rendered":"Cet homme nous explique que Chiites et sunnites combattent ensemble l'ennemi terroriste salafiste de Daesh. Il nous dit \"nous les combattons d'une seule main, avec le m\u00eame sang, avec la","protected":false},"author":1,"featured_media":0,"comment_status":"open","ping_status":"open","sticky":false,"template":"","format":"standard","meta":[],"categories":[],"tags":[],"_links":{"self":[{"href":"https:\/\/www.lejournalduforkane.com\/index.php\/wp-json\/wp\/v2\/posts\/8215"}],"collection":[{"href":"https:\/\/www.lejournalduforkane.com\/index.php\/wp-json\/wp\/v2\/posts"}],"about":[{"href":"https:\/\/www.lejournalduforkane.com\/index.php\/wp-json\/wp\/v2\/types\/post"}],"author":[{"embeddable":true,"href":"https:\/\/www.lejournalduforkane.com\/index.php\/wp-json\/wp\/v2\/users\/1"}],"replies":[{"embeddable":true,"href":"https:\/\/www.lejournalduforkane.com\/index.php\/wp-json\/wp\/v2\/comments?post=8215"}],"version-history":[{"count":3,"href":"https:\/\/www.lejournalduforkane.com\/index.php\/wp-json\/wp\/v2\/posts\/8215\/revisions"}],"predecessor-version":[{"id":11205,"href":"https:\/\/www.lejournalduforkane.com\/index.php\/wp-json\/wp\/v2\/posts\/8215\/revisions\/11205"}],"wp:attachment":[{"href":"https:\/\/www.lejournalduforkane.com\/index.php\/wp-json\/wp\/v2\/media?parent=8215"}],"wp:term":[{"taxonomy":"category","embeddable":true,"href":"https:\/\/www.lejournalduforkane.com\/index.php\/wp-json\/wp\/v2\/categories?post=8215"},{"taxonomy":"post_tag","embeddable":true,"href":"https:\/\/www.lejournalduforkane.com\/index.php\/wp-json\/wp\/v2\/tags?post=8215"}],"curies":[{"name":"wp","href":"https:\/\/api.w.org\/{rel}","templated":true}]}}