
{"id":8335,"date":"2016-01-13T15:15:23","date_gmt":"2016-01-13T15:15:23","guid":{"rendered":"https:\/\/www.lejournalduforkane.com\/?p=8335"},"modified":"2016-01-13T15:15:23","modified_gmt":"2016-01-13T15:15:23","slug":"bombardement-de-la-coalition-maudite-arabe-contre-la-ville-de-bilad-al-rous-yemen","status":"publish","type":"post","link":"https:\/\/www.lejournalduforkane.com\/index.php\/bombardement-de-la-coalition-maudite-arabe-contre-la-ville-de-bilad-al-rous-yemen\/","title":{"rendered":"Bombardement de la coalition maudite arabe contre la ville de Bilad Al-Rous (Y\u00e9men)"},"content":{"rendered":"<p><!--more--><\/p>\n<p style=\"text-align: justify;\">Les avions de la coalition maudite arabe ont bombard\u00e9 la ville de Bilad Al-Rous dans le gouvernorat de Sanaa.<br \/>\nBilan : 15 morts parmi les civils et en blessant 12 autres \u00e0 Hamam Jaref.<br \/>\nBien-s\u00fbr aucun m\u00e9dia n\u2019en parle !!!<\/p>\n<p style=\"text-align: justify;\">Nous sommes choqu\u00e9s par ces images de Y\u00e9m\u00e9nites qui se font bombard\u00e9s sous l\u2019indiff\u00e9rence totale de la communaut\u00e9 internationale.<\/p>\n<p>&nbsp;<\/p>\n<p><a href=\"https:\/\/www.lejournalduforkane.com\/wp-content\/uploads\/2016\/01\/12507559_968902963157195_2948655556289500128_n.jpg\"><img loading=\"lazy\" class=\"alignleft wp-image-8336 size-medium\" src=\"https:\/\/www.lejournalduforkane.com\/wp-content\/uploads\/2016\/01\/12507559_968902963157195_2948655556289500128_n-300x201.jpg\" alt=\"12507559_968902963157195_2948655556289500128_n\" width=\"300\" height=\"201\" \/><\/a><\/p>\n","protected":false},"excerpt":{"rendered":"Les avions de la coalition maudite arabe ont bombard\u00e9 la ville de Bilad Al-Rous dans le gouvernorat de Sanaa. Bilan : 15 morts parmi les civils et en blessant 12","protected":false},"author":1,"featured_media":0,"comment_status":"open","ping_status":"closed","sticky":false,"template":"","format":"standard","meta":[],"categories":[],"tags":[],"_links":{"self":[{"href":"https:\/\/www.lejournalduforkane.com\/index.php\/wp-json\/wp\/v2\/posts\/8335"}],"collection":[{"href":"https:\/\/www.lejournalduforkane.com\/index.php\/wp-json\/wp\/v2\/posts"}],"about":[{"href":"https:\/\/www.lejournalduforkane.com\/index.php\/wp-json\/wp\/v2\/types\/post"}],"author":[{"embeddable":true,"href":"https:\/\/www.lejournalduforkane.com\/index.php\/wp-json\/wp\/v2\/users\/1"}],"replies":[{"embeddable":true,"href":"https:\/\/www.lejournalduforkane.com\/index.php\/wp-json\/wp\/v2\/comments?post=8335"}],"version-history":[{"count":0,"href":"https:\/\/www.lejournalduforkane.com\/index.php\/wp-json\/wp\/v2\/posts\/8335\/revisions"}],"wp:attachment":[{"href":"https:\/\/www.lejournalduforkane.com\/index.php\/wp-json\/wp\/v2\/media?parent=8335"}],"wp:term":[{"taxonomy":"category","embeddable":true,"href":"https:\/\/www.lejournalduforkane.com\/index.php\/wp-json\/wp\/v2\/categories?post=8335"},{"taxonomy":"post_tag","embeddable":true,"href":"https:\/\/www.lejournalduforkane.com\/index.php\/wp-json\/wp\/v2\/tags?post=8335"}],"curies":[{"name":"wp","href":"https:\/\/api.w.org\/{rel}","templated":true}]}}