
{"id":867,"date":"2017-05-25T06:00:58","date_gmt":"2017-05-25T06:00:58","guid":{"rendered":"https:\/\/www.lejournalduforkane.com\/?p=867"},"modified":"2017-05-25T06:22:40","modified_gmt":"2017-05-25T06:22:40","slug":"soutenir-le-soulevement-du-peuple-de-bahrein","status":"publish","type":"post","link":"https:\/\/www.lejournalduforkane.com\/index.php\/soutenir-le-soulevement-du-peuple-de-bahrein\/","title":{"rendered":"Soutenons le soul\u00e8vement du peuple de Bahre\u00efn"},"content":{"rendered":"<p style=\"text-align: justify;\">\u00ab Nous sommes \u00e0 vos c\u00f4t\u00e9s \u00bb, s\u2019est \u00e9cri\u00e9 Sayyed Hassan Nasrallah, dans une allocution t\u00e9l\u00e9vis\u00e9e.<!--more--> Nous sommes heureux pour votre bonheur, nous prions Dieu pour que vous r\u00e9alisiez la victoire, et nous vous disons que nous sommes pr\u00eats \u00e0 vous tendre la main de l\u2019aide pour votre int\u00e9r\u00eat. Ces r\u00e9gimes pro-am\u00e9ricains n\u2019ont jamais form\u00e9 aucune menace pour la politique am\u00e9ricaine. Comment alors les Etats-Unis peuvent-ils lancer des r\u00e9volutions populaires avec cette force, alors qu\u2019ils ne savent pas qu\u2019elles seraient les alternatives ? Est-il logique de croire que les Etats-Unis viennent provoquer des r\u00e9volutions dans des r\u00e9gimes soumis \u00e0 eux ? Cette administration soutient Isra\u00ebl contre le peuple palestinien, ceci signifie qu\u2019elle ment dans tout ce qu\u2019elle dit sur les droits de l\u2019homme. Puis Sayyed Hassan Nasrallah a appel\u00e9 \u00e0 la prudence face au jeu am\u00e9ricain visant \u00e0 d\u00e9tourner les r\u00e9volutions, en essayant de diviser ou de faire aboutir ces mouvements en guerres civiles.<\/p>\n<p>Au Y\u00e9men, il y a certes de grandes complications \u00e0 travers le meurtre des dizaines de personnes et la r\u00e9pression du peuple. Nous ne pouvons pas laisser passer sous silence ces actes. Nous saluons le peuple tenace au Y\u00e9men, et nous savons qu\u2019il y a beaucoup d\u2019armes dans ce pays, mais les protestataires veillent \u00e0 ce que leurs manifestations restent pacifiques.<\/p>\n<p style=\"text-align: justify;\">Enfin Sayyed Hassan Nasrallah s\u2019est attard\u00e9 sur le cas du Bahre\u00efn. A Bahre\u00efn, il y a une forme d\u2019oppression sans \u00e9gal, a-t-il dit. Des meurtres et des tueries sont commis sur un peuple qui est descendu pacifiquement pour protester. Le peuple a r\u00e9pondu au feu par les fleurs, et a refus\u00e9 toutes les accusations selon lesquelles cette mobilisation est due \u00e0 des facteurs r\u00e9gionaux ou confessionnels.<\/p>\n<p style=\"text-align: justify;\">La Ligue Arabe (et le Conseil de Coop\u00e9ration des Pays du Golfe) ont envoy\u00e9 des arm\u00e9es arabes. Elles ont pris d\u2019assaut des h\u00f4pitaux, d\u00e9truit les maisons de certains opposants. Les dirigeants n\u2019ont pas pu supporter la symbolique de la place de la perle, ils l\u2019ont d\u00e9truite. Ces r\u00e9gimes sont de nature sauvage a-t-il rappel\u00e9, mais le pire c\u2019est d\u2019accuser les opposants de semer la division confessionnelle. Sayyed Hassan Nasrallah a en particulier salu\u00e9 les positions du premier ministre turc Recep Tayep Erdogan. Puis il en appel\u00e9 certains dans le monde arabo-islamique, qui gardent la bouche cousue face \u00e0 l\u2019oppression contre le peuple du Bahre\u00efn. Pis encore, ils ont condamn\u00e9 cette mobilisation, les martyrs, les bless\u00e9s, seulement parce qu\u2019ils sont des chiites. Est-ce le fait d\u2019appartenir une telle ou telle confession enl\u00e8ve aux gens leurs droits civiques ? Est-ce qu\u2019il est permis de massacrer l\u2019opposition bahre\u00efnie juste parce qu\u2019elle est de majorit\u00e9 chiite ?<\/p>\n<p style=\"text-align: justify;\">D\u2019un autre c\u00f4t\u00e9 des citoyens iraniens envisage d&rsquo;envoyer un convoi \u00e0 Bahre\u00efn pour manifester sa solidarit\u00e9 avec les manifestants, a rapport\u00e9 la cha\u00eene de t\u00e9l\u00e9vision iranienne, le responsable de l&rsquo;ONG \u00ab\u00a0Adeptes de la r\u00e9volution islamique\u00a0\u00bb, Eghrarian Mehdi, a d\u00e9clar\u00e9 que \u00ab\u00a0le convoi quittera Bushehr, une ville portuaire dans le sud de l&rsquo;Iran, \u00e0 bord d&rsquo;un navire le 16 mai. La mesure vise \u00e0 condamner la violence contre les manifestants anti-gouvernementaux \u00e0 Bahre\u00efn, a affirm\u00e9 Eghrarian. Le navire portera le nom de la po\u00e9tesse Ayat al-Ghermezi, tu\u00e9e par des forces de s\u00e9curit\u00e9 au Bahre\u00efn, a-t-il ajout\u00e9, invitant les activistes des autres pays \u00e0 se joindre au convoi.<\/p>\n<p style=\"text-align: center;\"><strong>D\u00e9non\u00e7ons les crimes des h\u00e9r\u00e9tiques et comme l\u2019a dit Sayyed Hassan Nasrallah encourageons la lutte du peuple du Bahre\u00efn qui nous montre comment agir face \u00e0 l\u2019oppression.<\/strong><\/p>\n","protected":false},"excerpt":{"rendered":"<p>\u00ab Nous sommes \u00e0 vos c\u00f4t\u00e9s \u00bb, s\u2019est \u00e9cri\u00e9 Sayyed Hassan Nasrallah, dans une allocution t\u00e9l\u00e9vis\u00e9e.<\/p>\n","protected":false},"author":2,"featured_media":16455,"comment_status":"open","ping_status":"closed","sticky":false,"template":"","format":"standard","meta":[],"categories":[],"tags":[],"_links":{"self":[{"href":"https:\/\/www.lejournalduforkane.com\/index.php\/wp-json\/wp\/v2\/posts\/867"}],"collection":[{"href":"https:\/\/www.lejournalduforkane.com\/index.php\/wp-json\/wp\/v2\/posts"}],"about":[{"href":"https:\/\/www.lejournalduforkane.com\/index.php\/wp-json\/wp\/v2\/types\/post"}],"author":[{"embeddable":true,"href":"https:\/\/www.lejournalduforkane.com\/index.php\/wp-json\/wp\/v2\/users\/2"}],"replies":[{"embeddable":true,"href":"https:\/\/www.lejournalduforkane.com\/index.php\/wp-json\/wp\/v2\/comments?post=867"}],"version-history":[{"count":3,"href":"https:\/\/www.lejournalduforkane.com\/index.php\/wp-json\/wp\/v2\/posts\/867\/revisions"}],"predecessor-version":[{"id":16454,"href":"https:\/\/www.lejournalduforkane.com\/index.php\/wp-json\/wp\/v2\/posts\/867\/revisions\/16454"}],"wp:featuredmedia":[{"embeddable":true,"href":"https:\/\/www.lejournalduforkane.com\/index.php\/wp-json\/wp\/v2\/media\/16455"}],"wp:attachment":[{"href":"https:\/\/www.lejournalduforkane.com\/index.php\/wp-json\/wp\/v2\/media?parent=867"}],"wp:term":[{"taxonomy":"category","embeddable":true,"href":"https:\/\/www.lejournalduforkane.com\/index.php\/wp-json\/wp\/v2\/categories?post=867"},{"taxonomy":"post_tag","embeddable":true,"href":"https:\/\/www.lejournalduforkane.com\/index.php\/wp-json\/wp\/v2\/tags?post=867"}],"curies":[{"name":"wp","href":"https:\/\/api.w.org\/{rel}","templated":true}]}}