
{"id":9181,"date":"2016-02-16T14:55:16","date_gmt":"2016-02-16T14:55:16","guid":{"rendered":"https:\/\/www.lejournalduforkane.com\/?p=9181"},"modified":"2016-02-16T14:55:16","modified_gmt":"2016-02-16T14:55:16","slug":"article-le-parti-du-diable-veut-faire-sombrer-la-syrie-dans-le-chaos","status":"publish","type":"post","link":"https:\/\/www.lejournalduforkane.com\/index.php\/article-le-parti-du-diable-veut-faire-sombrer-la-syrie-dans-le-chaos\/","title":{"rendered":"[Article] | Le Parti du diable veut faire sombrer la Syrie dans le chaos"},"content":{"rendered":"<p><!--more--><\/p>\n<p style=\"text-align: justify;\">L\u2019arm\u00e9e syrienne inflige une d\u00e9faite totale au parti du diable qui malgr\u00e9 ces dizaines de milliers de mercenaires salafistes enr\u00f4l\u00e9s et financ\u00e9s par l\u2019h\u00e9r\u00e9tique Arabie ; entra\u00een\u00e9s et sur-\u00e9quip\u00e9s par des instructeurs am\u00e9ricains, europ\u00e9ens ou isra\u00e9liens, est oblig\u00e9 de battre en retraite \u00e0 chaque fois&#8230;<\/p>\n<p style=\"text-align: justify;\"><a href=\"https:\/\/www.lejournalduforkane.com\/wp-content\/uploads\/2016\/02\/bachar-al-assad-ConvertImage.jpg\"><img loading=\"lazy\" class=\" size-medium wp-image-9182 alignleft\" src=\"https:\/\/www.lejournalduforkane.com\/wp-content\/uploads\/2016\/02\/bachar-al-assad-ConvertImage-300x200.jpg\" alt=\"bachar-al-assad-ConvertImage\" width=\"300\" height=\"200\" \/><\/a><\/p>\n","protected":false},"excerpt":{"rendered":"L\u2019arm\u00e9e syrienne inflige une d\u00e9faite totale au parti du diable qui malgr\u00e9 ces dizaines de milliers de mercenaires salafistes enr\u00f4l\u00e9s et financ\u00e9s par l\u2019h\u00e9r\u00e9tique Arabie ; entra\u00een\u00e9s et sur-\u00e9quip\u00e9s par","protected":false},"author":1,"featured_media":0,"comment_status":"open","ping_status":"closed","sticky":false,"template":"","format":"standard","meta":[],"categories":[1],"tags":[],"_links":{"self":[{"href":"https:\/\/www.lejournalduforkane.com\/index.php\/wp-json\/wp\/v2\/posts\/9181"}],"collection":[{"href":"https:\/\/www.lejournalduforkane.com\/index.php\/wp-json\/wp\/v2\/posts"}],"about":[{"href":"https:\/\/www.lejournalduforkane.com\/index.php\/wp-json\/wp\/v2\/types\/post"}],"author":[{"embeddable":true,"href":"https:\/\/www.lejournalduforkane.com\/index.php\/wp-json\/wp\/v2\/users\/1"}],"replies":[{"embeddable":true,"href":"https:\/\/www.lejournalduforkane.com\/index.php\/wp-json\/wp\/v2\/comments?post=9181"}],"version-history":[{"count":0,"href":"https:\/\/www.lejournalduforkane.com\/index.php\/wp-json\/wp\/v2\/posts\/9181\/revisions"}],"wp:attachment":[{"href":"https:\/\/www.lejournalduforkane.com\/index.php\/wp-json\/wp\/v2\/media?parent=9181"}],"wp:term":[{"taxonomy":"category","embeddable":true,"href":"https:\/\/www.lejournalduforkane.com\/index.php\/wp-json\/wp\/v2\/categories?post=9181"},{"taxonomy":"post_tag","embeddable":true,"href":"https:\/\/www.lejournalduforkane.com\/index.php\/wp-json\/wp\/v2\/tags?post=9181"}],"curies":[{"name":"wp","href":"https:\/\/api.w.org\/{rel}","templated":true}]}}