
{"id":9448,"date":"2016-03-03T01:55:22","date_gmt":"2016-03-03T01:55:22","guid":{"rendered":"https:\/\/www.lejournalduforkane.com\/?p=9448"},"modified":"2016-03-15T19:46:10","modified_gmt":"2016-03-15T19:46:10","slug":"video-gino-kenny-candidat-irlandais-souleve-le-drapeau-palestinien-pour-feter-sa-victoire-aux-elections-legislatives","status":"publish","type":"post","link":"https:\/\/www.lejournalduforkane.com\/index.php\/video-gino-kenny-candidat-irlandais-souleve-le-drapeau-palestinien-pour-feter-sa-victoire-aux-elections-legislatives\/","title":{"rendered":"[Vid\u00e9o] | Gino Kenny, Candidat Irlandais, soul\u00e8ve le drapeau palestinien pour f\u00eater sa victoire aux \u00e9lections l\u00e9gislatives"},"content":{"rendered":"<p><!--more--><\/p>\n<p>Gino Kenny est un homme politique irlandais qui a \u00e9t\u00e9 \u00e9lu au parlement irlandais pour la circonscription de Dublin Mid-West. Lors de l&rsquo;annonce des r\u00e9sultats de ces \u00e9lections, il a soulev\u00e9 le drapeau de la PALESTINE en signe de solidarit\u00e9 avec la cause Palestinienne !<\/p>\n<p>Grand Respect pour cet homme !!!<span class=\"text_exposed_show\"><br \/>\nPARTAGER DIFFUSER UN MAXIMUM<\/span><\/p>\n<p><iframe loading=\"lazy\" src=\"https:\/\/www.youtube.com\/embed\/evb47reha6c\" width=\"560\" height=\"315\" frameborder=\"0\" allowfullscreen=\"allowfullscreen\"><\/iframe><\/p>\n<p><img loading=\"lazy\" class=\"alignnone size-medium wp-image-9610\" src=\"http:\/\/158.255.2.50\/wp-content\/uploads\/2016\/03\/iralande-300x171.jpg\" alt=\"iralande\" width=\"300\" height=\"171\" srcset=\"https:\/\/www.lejournalduforkane.com\/wp-content\/uploads\/2016\/03\/iralande-300x171.jpg 300w, https:\/\/www.lejournalduforkane.com\/wp-content\/uploads\/2016\/03\/iralande.jpg 415w\" sizes=\"(max-width: 300px) 100vw, 300px\" \/><\/p>\n<p>&nbsp;<\/p>\n","protected":false},"excerpt":{"rendered":"Gino Kenny est un homme politique irlandais qui a \u00e9t\u00e9 \u00e9lu au parlement irlandais pour la circonscription de Dublin Mid-West. Lors de l'annonce des r\u00e9sultats de ces \u00e9lections, il a","protected":false},"author":1,"featured_media":0,"comment_status":"open","ping_status":"closed","sticky":false,"template":"","format":"standard","meta":[],"categories":[],"tags":[],"_links":{"self":[{"href":"https:\/\/www.lejournalduforkane.com\/index.php\/wp-json\/wp\/v2\/posts\/9448"}],"collection":[{"href":"https:\/\/www.lejournalduforkane.com\/index.php\/wp-json\/wp\/v2\/posts"}],"about":[{"href":"https:\/\/www.lejournalduforkane.com\/index.php\/wp-json\/wp\/v2\/types\/post"}],"author":[{"embeddable":true,"href":"https:\/\/www.lejournalduforkane.com\/index.php\/wp-json\/wp\/v2\/users\/1"}],"replies":[{"embeddable":true,"href":"https:\/\/www.lejournalduforkane.com\/index.php\/wp-json\/wp\/v2\/comments?post=9448"}],"version-history":[{"count":3,"href":"https:\/\/www.lejournalduforkane.com\/index.php\/wp-json\/wp\/v2\/posts\/9448\/revisions"}],"predecessor-version":[{"id":9613,"href":"https:\/\/www.lejournalduforkane.com\/index.php\/wp-json\/wp\/v2\/posts\/9448\/revisions\/9613"}],"wp:attachment":[{"href":"https:\/\/www.lejournalduforkane.com\/index.php\/wp-json\/wp\/v2\/media?parent=9448"}],"wp:term":[{"taxonomy":"category","embeddable":true,"href":"https:\/\/www.lejournalduforkane.com\/index.php\/wp-json\/wp\/v2\/categories?post=9448"},{"taxonomy":"post_tag","embeddable":true,"href":"https:\/\/www.lejournalduforkane.com\/index.php\/wp-json\/wp\/v2\/tags?post=9448"}],"curies":[{"name":"wp","href":"https:\/\/api.w.org\/{rel}","templated":true}]}}