
{"id":9493,"date":"2015-06-21T14:45:20","date_gmt":"2015-06-21T14:45:20","guid":{"rendered":"https:\/\/www.lejournalduforkane.com\/?p=5696"},"modified":"2017-07-23T13:28:22","modified_gmt":"2017-07-23T13:28:22","slug":"palestine-les-chretiens-distribuent-de-leau-aux-musulmans-qui-ne-pouvais-pas-se-rendre-a-temps-pour-la-rupture-du-jeune-a-cause-des-checkpoints-israeliens-2","status":"publish","type":"post","link":"https:\/\/www.lejournalduforkane.com\/index.php\/palestine-les-chretiens-distribuent-de-leau-aux-musulmans-qui-ne-pouvais-pas-se-rendre-a-temps-pour-la-rupture-du-jeune-a-cause-des-checkpoints-israeliens-2\/","title":{"rendered":"Palestiniens Chr\u00e9tiens et Musulmans unis contre l&rsquo;occupation sioniste"},"content":{"rendered":"<p><!--more--><\/p>\n<p>Voici des photos qui m\u00e9ritent d&rsquo;\u00eatre vues et montr\u00e9es !!! Elles montrent des Chr\u00e9tiens Palestiniens fournissant de l&rsquo;eau \u00e0 des Musulmans Palestiniens bloqu\u00e9s dans les checkpoints de l&rsquo;arm\u00e9e sioniste en Cisjordanie pendant l&rsquo;heure de la rupture du je\u00fbne (iftar).<\/p>\n<p>Voici nos articles sur la coexistence entre chr\u00e9tiens et musulmans<\/p>\n<p><a href=\"https:\/\/www.lejournalduforkane.com\/?p=2389\">La coexistence n\u00e9cessaire pacifique des Chr\u00e9tiens et des Musulmans 1<\/a><\/p>\n<p><a href=\"https:\/\/www.lejournalduforkane.com\/index.php\/coexistence-necessaire-pacifique-des-chretiens-et-d-musulmans-2\/\">La coexistence n\u00e9cessaire pacifique des Chr\u00e9tiens et des Musulmans 2<\/a><\/p>\n<p><a href=\"https:\/\/www.lejournalduforkane.com\/?p=2490\">La coexistence n\u00e9cessaire pacifique des Chr\u00e9tiens et des Musulmans 3<\/a><\/p>\n<p><a href=\"https:\/\/www.lejournalduforkane.com\/wp-content\/uploads\/2015\/06\/chr\u00e9tien-distribu-de-leau-1.jpg\"><img loading=\"lazy\" class=\" wp-image-5697 alignleft\" src=\"https:\/\/www.lejournalduforkane.com\/wp-content\/uploads\/2015\/06\/chr\u00e9tien-distribu-de-leau-1.jpg\" alt=\"chr\u00e9tien distribu de l'eau 1\" width=\"217\" height=\"326\" \/><\/a><\/p>\n<p>&nbsp;<\/p>\n<p>&nbsp;<\/p>\n<p>&nbsp;<\/p>\n<p>&nbsp;<\/p>\n<p>&nbsp;<\/p>\n<p>&nbsp;<\/p>\n<p>&nbsp;<\/p>\n<p>&nbsp;<\/p>\n<p>&nbsp;<\/p>\n<p><a href=\"https:\/\/www.lejournalduforkane.com\/wp-content\/uploads\/2015\/06\/chr\u00e9tien-distribu-de-leau-2.jpg\"><img loading=\"lazy\" class=\" wp-image-5698 alignleft\" src=\"https:\/\/www.lejournalduforkane.com\/wp-content\/uploads\/2015\/06\/chr\u00e9tien-distribu-de-leau-2.jpg\" alt=\"chr\u00e9tien distribu de l'eau 2\" width=\"359\" height=\"239\" \/><\/a><\/p>\n<p>&nbsp;<\/p>\n<p>&nbsp;<\/p>\n<p>&nbsp;<\/p>\n<p>&nbsp;<\/p>\n<p>&nbsp;<\/p>\n<p>&nbsp;<\/p>\n<p><a href=\"https:\/\/www.lejournalduforkane.com\/wp-content\/uploads\/2015\/06\/chr\u00e9tien-distribu-de-leau-3.jpg\"><img loading=\"lazy\" class=\"alignnone wp-image-5699\" src=\"https:\/\/www.lejournalduforkane.com\/wp-content\/uploads\/2015\/06\/chr\u00e9tien-distribu-de-leau-3.jpg\" alt=\"chr\u00e9tien distribu de l'eau 3\" width=\"359\" height=\"238\" \/><\/a><\/p>\n<p>&nbsp;<\/p>\n","protected":false},"excerpt":{"rendered":"Voici des photos qui m\u00e9ritent d'\u00eatre vues et montr\u00e9es !!! Elles montrent des Chr\u00e9tiens Palestiniens fournissant de l'eau \u00e0 des Musulmans Palestiniens bloqu\u00e9s dans les checkpoints de l'arm\u00e9e sioniste en","protected":false},"author":1,"featured_media":0,"comment_status":"open","ping_status":"closed","sticky":false,"template":"","format":"standard","meta":[],"categories":[],"tags":[],"_links":{"self":[{"href":"https:\/\/www.lejournalduforkane.com\/index.php\/wp-json\/wp\/v2\/posts\/9493"}],"collection":[{"href":"https:\/\/www.lejournalduforkane.com\/index.php\/wp-json\/wp\/v2\/posts"}],"about":[{"href":"https:\/\/www.lejournalduforkane.com\/index.php\/wp-json\/wp\/v2\/types\/post"}],"author":[{"embeddable":true,"href":"https:\/\/www.lejournalduforkane.com\/index.php\/wp-json\/wp\/v2\/users\/1"}],"replies":[{"embeddable":true,"href":"https:\/\/www.lejournalduforkane.com\/index.php\/wp-json\/wp\/v2\/comments?post=9493"}],"version-history":[{"count":2,"href":"https:\/\/www.lejournalduforkane.com\/index.php\/wp-json\/wp\/v2\/posts\/9493\/revisions"}],"predecessor-version":[{"id":17144,"href":"https:\/\/www.lejournalduforkane.com\/index.php\/wp-json\/wp\/v2\/posts\/9493\/revisions\/17144"}],"wp:attachment":[{"href":"https:\/\/www.lejournalduforkane.com\/index.php\/wp-json\/wp\/v2\/media?parent=9493"}],"wp:term":[{"taxonomy":"category","embeddable":true,"href":"https:\/\/www.lejournalduforkane.com\/index.php\/wp-json\/wp\/v2\/categories?post=9493"},{"taxonomy":"post_tag","embeddable":true,"href":"https:\/\/www.lejournalduforkane.com\/index.php\/wp-json\/wp\/v2\/tags?post=9493"}],"curies":[{"name":"wp","href":"https:\/\/api.w.org\/{rel}","templated":true}]}}