
{"id":9514,"date":"2015-10-10T21:56:04","date_gmt":"2015-10-10T21:56:04","guid":{"rendered":"https:\/\/www.lejournalduforkane.com\/?p=7228"},"modified":"2015-10-10T21:56:04","modified_gmt":"2015-10-10T21:56:04","slug":"video-qui-montre-la-bassesse-sioniste-encore-une-nouvelle-fois-deguise-en-palestiniens-pour-les-frapper","status":"publish","type":"post","link":"https:\/\/www.lejournalduforkane.com\/index.php\/video-qui-montre-la-bassesse-sioniste-encore-une-nouvelle-fois-deguise-en-palestiniens-pour-les-frapper\/","title":{"rendered":"Vid\u00e9o qui montre la bassesse sioniste encore une nouvelle fois : d\u00e9guis\u00e9 en palestiniens pour les frapper"},"content":{"rendered":"<p><!--more--><\/p>\n<p style=\"text-align: justify;\">LA 3EME INTIFADA EST LANC\u00c9E<a href=\"https:\/\/www.lejournalduforkane.com\/wp-content\/uploads\/2015\/10\/3\u00e8me-intifada.jpg\"><img loading=\"lazy\" class=\"  wp-image-7229 alignright\" src=\"https:\/\/www.lejournalduforkane.com\/wp-content\/uploads\/2015\/10\/3\u00e8me-intifada-300x173.jpg\" alt=\"3\u00e8me intifada\" width=\"257\" height=\"148\" srcset=\"https:\/\/www.lejournalduforkane.com\/wp-content\/uploads\/2015\/10\/3\u00e8me-intifada-300x173.jpg 300w, https:\/\/www.lejournalduforkane.com\/wp-content\/uploads\/2015\/10\/3\u00e8me-intifada.jpg 511w\" sizes=\"(max-width: 257px) 100vw, 257px\" \/><\/a><\/p>\n<p style=\"text-align: justify;\">La vid\u00e9o date de mercredi 7\/10\/2015, et les faits se sont d\u00e9roul\u00e9s \u00e0 Beit-El pr\u00e8s de Ramallah.<\/p>\n<div class=\"text_exposed_show\">\n<p style=\"text-align: justify;\">Pour attraper les jeunes et valeureux r\u00e9sistants, les soldats isra\u00e9liens se d\u00e9guisent en palestiniens cagoul\u00e9s. Une fois qu\u2019ils en ont un, ils le frappent avec une violence haineuse sans s\u2019arr\u00eater.<\/p>\n<p style=\"text-align: justify;\">&lt;&lt;SUIVEZ L&rsquo;ISRAELIEN D\u00c9GUIS\u00c9 EN T-SHIRT JAUNE ET VOYEZ COMMENT, ENSUITE, ILS S\u2019ACHARNENT TOUS SUR CE JEUNE HOMME D\u00c9SARM\u00c9&gt;&gt;.<\/p>\n<p>&nbsp;<\/p>\n<p><iframe loading=\"lazy\" src=\"https:\/\/www.youtube.com\/embed\/S_THTz7WfzY\" width=\"560\" height=\"315\" frameborder=\"0\" allowfullscreen=\"allowfullscreen\"><\/iframe><\/p>\n<\/div>\n","protected":false},"excerpt":{"rendered":"LA 3EME INTIFADA EST LANC\u00c9E La vid\u00e9o date de mercredi 7\/10\/2015, et les faits se sont d\u00e9roul\u00e9s \u00e0 Beit-El pr\u00e8s de Ramallah. Pour attraper les jeunes et valeureux r\u00e9sistants, les","protected":false},"author":1,"featured_media":0,"comment_status":"open","ping_status":"closed","sticky":false,"template":"","format":"standard","meta":[],"categories":[],"tags":[],"_links":{"self":[{"href":"https:\/\/www.lejournalduforkane.com\/index.php\/wp-json\/wp\/v2\/posts\/9514"}],"collection":[{"href":"https:\/\/www.lejournalduforkane.com\/index.php\/wp-json\/wp\/v2\/posts"}],"about":[{"href":"https:\/\/www.lejournalduforkane.com\/index.php\/wp-json\/wp\/v2\/types\/post"}],"author":[{"embeddable":true,"href":"https:\/\/www.lejournalduforkane.com\/index.php\/wp-json\/wp\/v2\/users\/1"}],"replies":[{"embeddable":true,"href":"https:\/\/www.lejournalduforkane.com\/index.php\/wp-json\/wp\/v2\/comments?post=9514"}],"version-history":[{"count":0,"href":"https:\/\/www.lejournalduforkane.com\/index.php\/wp-json\/wp\/v2\/posts\/9514\/revisions"}],"wp:attachment":[{"href":"https:\/\/www.lejournalduforkane.com\/index.php\/wp-json\/wp\/v2\/media?parent=9514"}],"wp:term":[{"taxonomy":"category","embeddable":true,"href":"https:\/\/www.lejournalduforkane.com\/index.php\/wp-json\/wp\/v2\/categories?post=9514"},{"taxonomy":"post_tag","embeddable":true,"href":"https:\/\/www.lejournalduforkane.com\/index.php\/wp-json\/wp\/v2\/tags?post=9514"}],"curies":[{"name":"wp","href":"https:\/\/api.w.org\/{rel}","templated":true}]}}