
{"id":9522,"date":"2015-10-17T14:47:18","date_gmt":"2015-10-17T14:47:18","guid":{"rendered":"https:\/\/www.lejournalduforkane.com\/?p=7419"},"modified":"2015-10-17T14:47:18","modified_gmt":"2015-10-17T14:47:18","slug":"video-choc-intifada-palestinienne-et-crimes-sionistes-en-serie","status":"publish","type":"post","link":"https:\/\/www.lejournalduforkane.com\/index.php\/video-choc-intifada-palestinienne-et-crimes-sionistes-en-serie\/","title":{"rendered":"[Vid\u00e9o choc] Intifada palestinienne et crimes sionistes en s\u00e9rie"},"content":{"rendered":"<p><!--more--><\/p>\n<p>VID\u00c9O EXTR\u00caMEMENT VIOLENTE, \u00c2MES SENSIBLES S\u2019ABSTENIR.<br \/>\nNous voyons clairement ici, un Palestinien abattu par les forces isra\u00e9lienne s en compagnie d&rsquo;un colon arm\u00e9. Un soldat sioniste ne tardera pas \u00e0 vite d\u00e9poser un couteau \u00e0 c\u00f4t\u00e9 de la victime.<br \/>\nC\u2019EST QUE CETTE ARM\u00c9E SIONISTE N\u2019EN EST PAS UNE. CE SONT DES TRA\u00ceTRES QUI S\u2019EN PRENNENT EXCLUSIVEMENT A PLUS FAIBLE QU\u2019EUX<br \/>\nD\u00e9non\u00e7ons les crimes de sionistes et tous solidaires avec la Palestine<br \/>\nLA 3EME INTIFADA EST LANC\u00c9E\u2026..<br \/>\nA VOIR ET A PARTAGER<\/p>\n<p><iframe loading=\"lazy\" src=\"https:\/\/www.youtube.com\/embed\/FkyZ2Pxbg4c\" width=\"560\" height=\"315\" frameborder=\"0\" allowfullscreen=\"allowfullscreen\"><\/iframe><\/p>\n<p><a href=\"https:\/\/www.lejournalduforkane.com\/wp-content\/uploads\/2015\/10\/Capture7.png\"><img loading=\"lazy\" class=\"alignleft wp-image-7420 size-medium\" src=\"https:\/\/www.lejournalduforkane.com\/wp-content\/uploads\/2015\/10\/Capture7-300x169.png\" alt=\"Capture\" width=\"300\" height=\"169\" \/><\/a><\/p>\n","protected":false},"excerpt":{"rendered":"VID\u00c9O EXTR\u00caMEMENT VIOLENTE, \u00c2MES SENSIBLES S\u2019ABSTENIR. Nous voyons clairement ici, un Palestinien abattu par les forces isra\u00e9lienne s en compagnie d'un colon arm\u00e9. Un soldat sioniste ne tardera pas \u00e0","protected":false},"author":1,"featured_media":0,"comment_status":"open","ping_status":"closed","sticky":false,"template":"","format":"standard","meta":[],"categories":[],"tags":[],"_links":{"self":[{"href":"https:\/\/www.lejournalduforkane.com\/index.php\/wp-json\/wp\/v2\/posts\/9522"}],"collection":[{"href":"https:\/\/www.lejournalduforkane.com\/index.php\/wp-json\/wp\/v2\/posts"}],"about":[{"href":"https:\/\/www.lejournalduforkane.com\/index.php\/wp-json\/wp\/v2\/types\/post"}],"author":[{"embeddable":true,"href":"https:\/\/www.lejournalduforkane.com\/index.php\/wp-json\/wp\/v2\/users\/1"}],"replies":[{"embeddable":true,"href":"https:\/\/www.lejournalduforkane.com\/index.php\/wp-json\/wp\/v2\/comments?post=9522"}],"version-history":[{"count":0,"href":"https:\/\/www.lejournalduforkane.com\/index.php\/wp-json\/wp\/v2\/posts\/9522\/revisions"}],"wp:attachment":[{"href":"https:\/\/www.lejournalduforkane.com\/index.php\/wp-json\/wp\/v2\/media?parent=9522"}],"wp:term":[{"taxonomy":"category","embeddable":true,"href":"https:\/\/www.lejournalduforkane.com\/index.php\/wp-json\/wp\/v2\/categories?post=9522"},{"taxonomy":"post_tag","embeddable":true,"href":"https:\/\/www.lejournalduforkane.com\/index.php\/wp-json\/wp\/v2\/tags?post=9522"}],"curies":[{"name":"wp","href":"https:\/\/api.w.org\/{rel}","templated":true}]}}