
{"id":9538,"date":"2015-11-11T19:02:30","date_gmt":"2015-11-11T19:02:30","guid":{"rendered":"https:\/\/www.lejournalduforkane.com\/?p=7846"},"modified":"2015-11-11T19:02:30","modified_gmt":"2015-11-11T19:02:30","slug":"video-arrestation-dun-enfant-palestinien-de-4-ans-par-des-sionistes","status":"publish","type":"post","link":"https:\/\/www.lejournalduforkane.com\/index.php\/video-arrestation-dun-enfant-palestinien-de-4-ans-par-des-sionistes\/","title":{"rendered":"[Vid\u00e9o] Arrestation d&rsquo;un enfant palestinien de 4 ans par des sionistes"},"content":{"rendered":"<p><!--more--><\/p>\n<p>Vid\u00e9o qui montre la bassesse sioniste encore une nouvelle fois : des soldats sionistes arr\u00eatent un jeune gar\u00e7on Palestinien qui n&rsquo;a que 4 ans !!!<\/p>\n<p>LA 3EME INTIFADA CONTINUE<\/p>\n<p><iframe loading=\"lazy\" src=\"https:\/\/www.youtube.com\/embed\/gkXZbOu-i9o\" width=\"560\" height=\"315\" frameborder=\"0\" allowfullscreen=\"allowfullscreen\"><\/iframe><\/p>\n<p><a href=\"https:\/\/www.lejournalduforkane.com\/wp-content\/uploads\/2015\/11\/Capture6.png\"><img loading=\"lazy\" class=\"alignleft wp-image-7847 size-medium\" src=\"https:\/\/www.lejournalduforkane.com\/wp-content\/uploads\/2015\/11\/Capture6-300x188.png\" alt=\"Capture\" width=\"300\" height=\"188\" srcset=\"https:\/\/www.lejournalduforkane.com\/wp-content\/uploads\/2015\/11\/Capture6-300x188.png 300w, https:\/\/www.lejournalduforkane.com\/wp-content\/uploads\/2015\/11\/Capture6.png 764w\" sizes=\"(max-width: 300px) 100vw, 300px\" \/><\/a><\/p>\n","protected":false},"excerpt":{"rendered":"Vid\u00e9o qui montre la bassesse sioniste encore une nouvelle fois : des soldats sionistes arr\u00eatent un jeune gar\u00e7on Palestinien qui n'a que 4 ans !!! LA 3EME INTIFADA CONTINUE","protected":false},"author":1,"featured_media":0,"comment_status":"open","ping_status":"closed","sticky":false,"template":"","format":"standard","meta":[],"categories":[],"tags":[],"_links":{"self":[{"href":"https:\/\/www.lejournalduforkane.com\/index.php\/wp-json\/wp\/v2\/posts\/9538"}],"collection":[{"href":"https:\/\/www.lejournalduforkane.com\/index.php\/wp-json\/wp\/v2\/posts"}],"about":[{"href":"https:\/\/www.lejournalduforkane.com\/index.php\/wp-json\/wp\/v2\/types\/post"}],"author":[{"embeddable":true,"href":"https:\/\/www.lejournalduforkane.com\/index.php\/wp-json\/wp\/v2\/users\/1"}],"replies":[{"embeddable":true,"href":"https:\/\/www.lejournalduforkane.com\/index.php\/wp-json\/wp\/v2\/comments?post=9538"}],"version-history":[{"count":0,"href":"https:\/\/www.lejournalduforkane.com\/index.php\/wp-json\/wp\/v2\/posts\/9538\/revisions"}],"wp:attachment":[{"href":"https:\/\/www.lejournalduforkane.com\/index.php\/wp-json\/wp\/v2\/media?parent=9538"}],"wp:term":[{"taxonomy":"category","embeddable":true,"href":"https:\/\/www.lejournalduforkane.com\/index.php\/wp-json\/wp\/v2\/categories?post=9538"},{"taxonomy":"post_tag","embeddable":true,"href":"https:\/\/www.lejournalduforkane.com\/index.php\/wp-json\/wp\/v2\/tags?post=9538"}],"curies":[{"name":"wp","href":"https:\/\/api.w.org\/{rel}","templated":true}]}}